{"id":1424,"date":"2009-07-28T15:20:27","date_gmt":"2009-07-28T13:20:27","guid":{"rendered":"http:\/\/www.afitecol.com\/?p=1424"},"modified":"2009-07-28T15:20:27","modified_gmt":"2009-07-28T13:20:27","slug":"emision-jorge-eliecer-gaitan-1959","status":"publish","type":"post","link":"https:\/\/www.afitecol.com\/?p=1424","title":{"rendered":"Emisi\u00f3n Jorge Eli\u00e9cer Gait\u00e1n 1959"},"content":{"rendered":"<p>En un d\u00eda como hoy 28 de julio, pero de 1959, se presentaba a los filatelistas tem\u00e1ticos la Emisi\u00f3n Jorge Eli\u00e9cer Gait\u00e1n, para honrar la memoria de \u201cEl Caudillo del Pueblo\u201d, posiblemente desconocido para los j\u00f3venes filatelistas de Colombia.<\/p>\n<p>Sin duda, uno de los acontecimientos m\u00e1s notables del siglo XX en Colombia fue el asesinato de este pol\u00edtico liberal. Su muerte ocurrida en Bogot\u00e1 el 9 de abril de 1948, transform\u00f3 la historia de Colombia: provoc\u00f3 una violenta reacci\u00f3n popular y una represi\u00f3n gubernamental, conocida como El Bogotazo, que destruy\u00f3 varias edificaciones del centro de Bogot\u00e1.<\/p>\n<p>Jorge Eli\u00e9cer Gait\u00e1n Ayala naci\u00f3, seg\u00fan unos historiadores el 23 de enero de 1898 en el \u00abBarrio Las Cruces\u00bb de Bogot\u00e1 y seg\u00fan otros en Cucunub\u00e1, municipio de Cundinamarca, Colombia, el 23 de enero pero del a\u00f1o 1903.<\/p>\n<p>En 1920, comenz\u00f3 sus estudios en la Facultad de Derecho y Ciencias Pol\u00edticas de la Universidad Nacional de Colombia de la cual obtuvo su t\u00edtulo de abogado en 1924 con la tesis titulada \u00abLas ideas socialistas en Colombia\u00bb.<\/p>\n<p>Ocup\u00f3 varios cargos p\u00fablicos: Alcalde de Bogot\u00e1 en 1936, Ministro Educaci\u00f3n 1940, Ministro de Trabajo en 1943, Congresista durante varios per\u00edodos desde 1929 hasta 1948 y candidato disidente del partido liberal a la Presidencia de la Rep\u00fablica para el periodo 1946-1950.<\/p>\n<p>A lo largo de su brillante trayectoria de servicio al pa\u00eds fue galardonado, como pocos latinoamericanos, por sus estudios acad\u00e9micos en el campo de la filosof\u00eda, de las ciencias y fue por ello recibido, desde muy joven, como miembro de n\u00famero de la <strong>Academia de Ciencias de Bremen<\/strong> (Alemania).<\/p>\n<p><strong>La emisi\u00f3n: Jorge Eli\u00e9cer Gait\u00e1n 1898-1948<\/strong>, con un tiraje de 10.499.200 estampillas, fue impresa en una fecha muy diferente a la que se dio al servicio postal el 28 de julio de 1959, lo que se puede observar f\u00e1cilmente, ya que en el momento del lanzamiento dos estampillas ya aparecieron con sobrecargas.<\/p>\n<p><a href=\"https:\/\/www.afitecol.com\/wp-content\/uploads\/2009\/07\/gaitanpruebaa.jpg\"><img loading=\"lazy\" decoding=\"async\" class=\"alignleft size-medium wp-image-1427\" style=\"border: 1px solid black; margin: 5px;\" title=\"gaitanpruebaa\" src=\"https:\/\/www.afitecol.com\/wp-content\/uploads\/2009\/07\/gaitanpruebaa-300x111.jpg\" alt=\"\" width=\"150\" height=\"50\" \/><\/a><strong>Las estampillas iniciales<\/strong>: en estas pruebas filat\u00e9licas se observan los tres valores faciales iniciales: 3 centavos color azul gris, 30 centavos color carm\u00edn casta\u00f1o y $1 color azul negro, todas con un tama\u00f1o 26 x 32 mm y dentado 12 x 13.5.<\/p>\n<p><a href=\"https:\/\/www.afitecol.com\/wp-content\/uploads\/2009\/07\/gaitanseriea1.jpg\"><img loading=\"lazy\" decoding=\"async\" class=\"alignnone size-medium wp-image-1429\" style=\"border: 0pt none; margin: 5px;\" title=\"gaitanseriea1\" src=\"https:\/\/www.afitecol.com\/wp-content\/uploads\/2009\/07\/gaitanseriea1-300x94.jpg\" alt=\"\" width=\"200\" height=\"50\" \/><\/a>En la fecha del <strong>primer d\u00eda de servicio<\/strong>, 28 de julio de 1959, los valores faciales fueron los siguientes:<br \/>\nLa de 3 centavos, con un tiraje de 9.999.600 unidades, fue resellada a un nuevo valor facial de 10 centavos.<br \/>\nLa de 30 centavos de valor facial inicial, con un tiraje de 300.000 unidades,\u00a0 conserv\u00f3 el mismo valor facial.<br \/>\nLa de $ 1 de valor facial inicial, con un tiraje de 199.600 unidades, la mitad fue resellada en azul y la otra mitad fue resellada en negro, para correo extra r\u00e1pido, ambas con un nuevo valor facial de $ 2.<\/p>\n<p><strong>Emisi\u00f3n 1998: Personajes<\/strong>.\u00a0 En esta emisi\u00f3n dedicada a personajes, de una serie de dos, aparece Jorge<a href=\"https:\/\/www.afitecol.com\/wp-content\/uploads\/2009\/07\/gaitanbanda.jpg\"><img loading=\"lazy\" decoding=\"async\" class=\"alignright size-medium wp-image-1430\" style=\"border: 0pt none; margin: 5px;\" title=\"gaitanbanda\" src=\"https:\/\/www.afitecol.com\/wp-content\/uploads\/2009\/07\/gaitanbanda.jpg\" alt=\"\" width=\"80\" height=\"140\" \/><\/a> Eli\u00e9cer Gait\u00e1n \u201cYo no soy un hombre soy un pueblo\u201d, muestra la otra fecha de nacimiento mencionada, esto es el 23 de enero de 1903.\u00a0 Esta estampilla, con una <a href=\"https:\/\/www.afitecol.com\/?p=1356\" target=\"_blank\">bandeleta<\/a> en que aparece la firma y las fechas de nacimiento y muerte, tiene un valor facial de $ 500, tama\u00f1o 30 x 40 mm y dentado 14.<\/p>\n<p>Gait\u00e1n es hoy una figura que se mantiene presente en la conciencia de los colombianos. Se puede ver no s\u00f3lo en las estampillas, sino tambi\u00e9n en un billete en circulaci\u00f3n de la denominaci\u00f3n de $1.000, aprobado por la <a href=\"http:\/\/www.dmsjuridica.com\/CODIGOS\/contitucion_politica\/leyes\/L0425_98.htm\" target=\"_blank\">Ley 425 de 1998<\/a>,\u00a0 y en una moneda que ya no se encuentra en circulaci\u00f3n.<\/p>\n","protected":false},"excerpt":{"rendered":"<p>En un d\u00eda como hoy 28 de julio, pero de 1959, se presentaba a los filatelistas tem\u00e1ticos la Emisi\u00f3n Jorge Eli\u00e9cer Gait\u00e1n, para honrar la memoria de \u201cEl Caudillo del Pueblo\u201d, posiblemente desconocido para los j\u00f3venes filatelistas de Colombia. Sin duda, uno de los acontecimientos m\u00e1s notables del siglo XX en Colombia fue el asesinato &hellip; <a href=\"https:\/\/www.afitecol.com\/?p=1424\" class=\"more-link\">Continuar leyendo<span class=\"screen-reader-text\"> \u00abEmisi\u00f3n Jorge Eli\u00e9cer Gait\u00e1n 1959\u00bb<\/span><\/a><\/p>\n","protected":false},"author":2,"featured_media":0,"comment_status":"open","ping_status":"closed","sticky":false,"template":"","format":"standard","meta":{"footnotes":""},"categories":[9],"tags":[],"class_list":["post-1424","post","type-post","status-publish","format-standard","hentry","category-noticias-filatelicas"],"_links":{"self":[{"href":"https:\/\/www.afitecol.com\/index.php?rest_route=\/wp\/v2\/posts\/1424"}],"collection":[{"href":"https:\/\/www.afitecol.com\/index.php?rest_route=\/wp\/v2\/posts"}],"about":[{"href":"https:\/\/www.afitecol.com\/index.php?rest_route=\/wp\/v2\/types\/post"}],"author":[{"embeddable":true,"href":"https:\/\/www.afitecol.com\/index.php?rest_route=\/wp\/v2\/users\/2"}],"replies":[{"embeddable":true,"href":"https:\/\/www.afitecol.com\/index.php?rest_route=%2Fwp%2Fv2%2Fcomments&post=1424"}],"version-history":[{"count":13,"href":"https:\/\/www.afitecol.com\/index.php?rest_route=\/wp\/v2\/posts\/1424\/revisions"}],"predecessor-version":[{"id":1441,"href":"https:\/\/www.afitecol.com\/index.php?rest_route=\/wp\/v2\/posts\/1424\/revisions\/1441"}],"wp:attachment":[{"href":"https:\/\/www.afitecol.com\/index.php?rest_route=%2Fwp%2Fv2%2Fmedia&parent=1424"}],"wp:term":[{"taxonomy":"category","embeddable":true,"href":"https:\/\/www.afitecol.com\/index.php?rest_route=%2Fwp%2Fv2%2Fcategories&post=1424"},{"taxonomy":"post_tag","embeddable":true,"href":"https:\/\/www.afitecol.com\/index.php?rest_route=%2Fwp%2Fv2%2Ftags&post=1424"}],"curies":[{"name":"wp","href":"https:\/\/api.w.org\/{rel}","templated":true}]}}