{"id":13888,"date":"2020-08-29T09:50:08","date_gmt":"2020-08-29T14:50:08","guid":{"rendered":"http:\/\/www.afitecol.com\/?p=13888"},"modified":"2021-12-10T16:10:50","modified_gmt":"2021-12-10T21:10:50","slug":"emision-postal-lucha-contra-el-covid-19-en-colombia","status":"publish","type":"post","link":"https:\/\/www.afitecol.com\/?p=13888","title":{"rendered":"Emisi\u00f3n postal: \u201cLucha contra el Covid-19 en Colombia\u201d"},"content":{"rendered":"<p>El\u00a0<strong>Covid-19<\/strong>, el causante de la enfermedad infecciosa conocida tambi\u00e9n como la enfermedad por <em>Coronavirus<\/em>, fue descubierto y aislado por primera vez en Wuhan, China, siendo su origen zoon\u00f3tico, esto es que pas\u00f3 de un hu\u00e9sped animal a un hu\u00e9sped humano, habi\u00e9ndose se\u00f1alado al murci\u00e9lago como el hu\u00e9sped animal.<\/p>\n<p>El <strong>Covid -19<\/strong> produce s\u00edntomas similares a los de una gripe com\u00fan y corriente: fiebre, tos seca, dificultad para respirar acompa\u00f1ada de una sensaci\u00f3n de molestia o de opresi\u00f3n, dolor muscular, fatiga, proliferaci\u00f3n de bacterias pat\u00f3genas en la sangre, y en algunos casos produce la muerte.<\/p>\n<p>Hasta el momento no hay un tratamiento espec\u00edfico. Las medidas terap\u00e9uticas principales consisten en aliviar los s\u00edntomas y mantener las funciones vitales.<\/p>\n<p>La r\u00e1pida expansi\u00f3n de la enfermedad hizo que la <strong>Organizaci\u00f3n Mundial de la Salud<\/strong> &#8211; OMS &#8211; el 30 de enero de 2020, la declarara una emergencia sanitaria de preocupaci\u00f3n internacional o mundial, bas\u00e1ndose en el impacto que el virus podr\u00eda tener en pa\u00edses menos desarrollados, con menos infraestructuras sanitarias. En esa fecha, la enfermedad se hab\u00eda detectado en todas las provincias de China continental y se diagnosticaban casos en otros 15 pa\u00edses.<\/p>\n<p>La <strong>OMS<\/strong> inform\u00f3 el 11 de febrero de 2020 que <strong>Covid -19<\/strong> ser\u00eda el nombre oficial de la enfermedad. El nombre es un acr\u00f3nimo del ingl\u00e9s <strong>Co<\/strong>rona<strong>vi<\/strong>rus <strong>d<\/strong>isease 20<strong>19<\/strong> , esto es en espa\u00f1ol la enfermedad causada por Coronavirus 2019.<\/p>\n<p>El 11 de marzo de 2020 la enfermedad se hallaba ya en m\u00e1s de 100 pa\u00edses a nivel mundial y fue reconocida por la Organizaci\u00f3n Mundial de la Salud \u2013 <strong>OMS<\/strong> &#8211; como una enfermedad que afectaba pr\u00e1cticamente a todos los pa\u00edses del mundo, lo que se denomina <strong>Pandemia<\/strong>.<\/p>\n<p>El primer caso de <strong>Covid -19<\/strong> en Colombia fue confirmado el 6 de marzo de 2020, en una paciente en Bogot\u00e1, D.C., capital de Colombia, proveniente de Mil\u00e1n, Italia.<\/p>\n<p>En la actualidad Colombia registra m\u00e1s de 430.000 pacientes recuperados de Covid-19.<\/p>\n<p>Por la velocidad de propagaci\u00f3n y el grado de transmisi\u00f3n del virus varios pa\u00edses y continentes han tomado acciones urgentes, como las que est\u00e1 llevando a cabo Colombia.<\/p>\n<p>La presente emisi\u00f3n postal denominada <strong>\u201cLucha contra el Covid-19 en Colombia\u201d<\/strong> se present\u00f3 oficialmente el 26 de agosto de 2020 en la ciudad de Bogot\u00e1, D. C., como un aporte para conseguir recursos econ\u00f3micos y as\u00ed mitigar los efectos de la Pandemia.<\/p>\n<p>Con la emisi\u00f3n postal <strong>\u201cLucha contra el Covid-19 en Colombia\u201d<\/strong>, se proyecta recaudar fondos para apoyar el programa <strong>\u201cComputadores para Educar\u201d<\/strong>, en la adquisici\u00f3n de terminales de c\u00f3mputo y otras tecnolog\u00edas de la informaci\u00f3n y las comunicaciones, que permitir\u00e1n la generaci\u00f3n de condiciones necesarias para el acceso, apropiaci\u00f3n y aprovechamiento de las TIC en las sedes educativas con mayor necesidad de Colombia, como medida y contribuci\u00f3n importante para mitigar los efectos de la pandemia.<\/p>\n<p>Para cumplir con este objetivo el Gobierno de Colombia por intermedio del Ministerio de Tecnolog\u00edas de la Informaci\u00f3n y las Comunicaciones autoriz\u00f3 la emisi\u00f3n postal denominada <strong>\u201cLucha contra el Covid-19 en Colombia\u201d<\/strong> , mediante la Resoluci\u00f3n N\u00ba 001228 del 13 de julio de 2020.<\/p>\n<p><strong>Acto protocolario<\/strong>. El acto de lanzamiento de la Emisi\u00f3n postal: <strong>\u201cLucha contra el Covid-19 en Colombia\u201d<\/strong> se efectu\u00f3 en la ciudad de Bogot\u00e1, D. C., el d\u00eda 26 de agosto de 2020.<\/p>\n<p><strong>La emisi\u00f3n<\/strong>. La emisi\u00f3n postal <strong>\u201cLucha contra el Covid-19 en Colombia\u201d<\/strong> consta de un total de 150.000 estampillas, teniendo varias formas de hojas bloque.<\/p>\n<p><strong><img loading=\"lazy\" decoding=\"async\" class=\"alignleft wp-image-13920\" src=\"https:\/\/www.afitecol.com\/wp-content\/uploads\/2020\/08\/Covid1-1.png\" alt=\"\" width=\"150\" height=\"170\" srcset=\"https:\/\/www.afitecol.com\/wp-content\/uploads\/2020\/08\/Covid1-1.png 899w, https:\/\/www.afitecol.com\/wp-content\/uploads\/2020\/08\/Covid1-1-264x300.png 264w, https:\/\/www.afitecol.com\/wp-content\/uploads\/2020\/08\/Covid1-1-768x874.png 768w\" sizes=\"(max-width: 150px) 85vw, 150px\" \/>Hoja bloque 1<\/strong>, en tama\u00f1o de 10 X 11.5 cm, est\u00e1 compuesta por 6 estampillas, con un valor total de $ 60.000 pesos colombianos.<\/p>\n<p><strong><img loading=\"lazy\" decoding=\"async\" class=\"alignleft wp-image-13917\" src=\"https:\/\/www.afitecol.com\/wp-content\/uploads\/2020\/08\/Covid2-663x1024.png\" alt=\"\" width=\"151\" height=\"234\" srcset=\"https:\/\/www.afitecol.com\/wp-content\/uploads\/2020\/08\/Covid2-663x1024.png 663w, https:\/\/www.afitecol.com\/wp-content\/uploads\/2020\/08\/Covid2-194x300.png 194w, https:\/\/www.afitecol.com\/wp-content\/uploads\/2020\/08\/Covid2.png 664w\" sizes=\"(max-width: 151px) 85vw, 151px\" \/>Hoja bloque 2<\/strong>, en tama\u00f1o de 30 X 40 cm est\u00e1 compuesta por 9 estampillas, con valor total de $ 90.000 pesos colombianos.<\/p>\n<p><strong><img loading=\"lazy\" decoding=\"async\" class=\"alignleft wp-image-13908\" src=\"https:\/\/www.afitecol.com\/wp-content\/uploads\/2020\/08\/Covid1millon.png\" alt=\"\" width=\"171\" height=\"286\" srcset=\"https:\/\/www.afitecol.com\/wp-content\/uploads\/2020\/08\/Covid1millon.png 254w, https:\/\/www.afitecol.com\/wp-content\/uploads\/2020\/08\/Covid1millon-179x300.png 179w\" sizes=\"(max-width: 171px) 85vw, 171px\" \/><\/strong><\/p>\n<p>&nbsp;<\/p>\n<p>&nbsp;<\/p>\n<p>&nbsp;<\/p>\n<p>&nbsp;<\/p>\n<p>&nbsp;<\/p>\n<p>&nbsp;<\/p>\n<p><strong>Carpeta especial<\/strong>, en tama\u00f1o de 21 X 27 cm tiene un valor total de $ 1.000.000 de pesos colombianos.<\/p>\n<p><strong><img loading=\"lazy\" decoding=\"async\" class=\"alignleft wp-image-13918\" src=\"https:\/\/www.afitecol.com\/wp-content\/uploads\/2020\/08\/Covid3.png\" alt=\"\" width=\"111\" height=\"143\" srcset=\"https:\/\/www.afitecol.com\/wp-content\/uploads\/2020\/08\/Covid3.png 286w, https:\/\/www.afitecol.com\/wp-content\/uploads\/2020\/08\/Covid3-232x300.png 232w\" sizes=\"(max-width: 111px) 85vw, 111px\" \/>Las estampillas<\/strong>. Las estampillas est\u00e1n confeccionadas en policrom\u00eda, m\u00e1s una tinta especial fluorescente invisible, en papel Truwhite y goma PVA, tienen un valor facial de $ 10.000 pesos colombianos.<\/p>\n<p>Las estampillas tienen como motivo el objetivo de la emisi\u00f3n: Lucha contra Covid- 19, con la leyenda \u201cColombia reescribe su historia\u201d, el mapa de la Rep\u00fablica de Colombia y un coraz\u00f3n para indicar el objetivo de la emisi\u00f3n.<\/p>\n<p><strong><a href=\"https:\/\/www.afitecol.com\/wp-content\/uploads\/2020\/08\/CovidSobre.jpeg\"><img loading=\"lazy\" decoding=\"async\" class=\"alignleft  wp-image-15666\" src=\"https:\/\/www.afitecol.com\/wp-content\/uploads\/2020\/08\/CovidSobre.jpeg\" alt=\"\" width=\"256\" height=\"123\" srcset=\"https:\/\/www.afitecol.com\/wp-content\/uploads\/2020\/08\/CovidSobre.jpeg 986w, https:\/\/www.afitecol.com\/wp-content\/uploads\/2020\/08\/CovidSobre-300x144.jpeg 300w, https:\/\/www.afitecol.com\/wp-content\/uploads\/2020\/08\/CovidSobre-768x369.jpeg 768w\" sizes=\"(max-width: 256px) 85vw, 256px\" \/><\/a>El sobre de primer d\u00eda<\/strong>. Se imprimieron 550 sobres numerados de primer d\u00eda. El primer d\u00eda de servicio fue el 26 de agosto de 2020 y fue matasellado en la ciudad de Bogot\u00e1, D, C., Colombia.<\/p>\n","protected":false},"excerpt":{"rendered":"<p>El\u00a0Covid-19, el causante de la enfermedad infecciosa conocida tambi\u00e9n como la enfermedad por Coronavirus, fue descubierto y aislado por primera vez en Wuhan, China, siendo su origen zoon\u00f3tico, esto es que pas\u00f3 de un hu\u00e9sped animal a un hu\u00e9sped humano, habi\u00e9ndose se\u00f1alado al murci\u00e9lago como el hu\u00e9sped animal. El Covid -19 produce s\u00edntomas similares a &hellip; <a href=\"https:\/\/www.afitecol.com\/?p=13888\" class=\"more-link\">Continuar leyendo<span class=\"screen-reader-text\"> \u00abEmisi\u00f3n postal: \u201cLucha contra el Covid-19 en Colombia\u201d\u00bb<\/span><\/a><\/p>\n","protected":false},"author":2,"featured_media":0,"comment_status":"open","ping_status":"closed","sticky":false,"template":"","format":"standard","meta":{"footnotes":""},"categories":[5],"tags":[],"class_list":["post-13888","post","type-post","status-publish","format-standard","hentry","category-emisiones"],"_links":{"self":[{"href":"https:\/\/www.afitecol.com\/index.php?rest_route=\/wp\/v2\/posts\/13888"}],"collection":[{"href":"https:\/\/www.afitecol.com\/index.php?rest_route=\/wp\/v2\/posts"}],"about":[{"href":"https:\/\/www.afitecol.com\/index.php?rest_route=\/wp\/v2\/types\/post"}],"author":[{"embeddable":true,"href":"https:\/\/www.afitecol.com\/index.php?rest_route=\/wp\/v2\/users\/2"}],"replies":[{"embeddable":true,"href":"https:\/\/www.afitecol.com\/index.php?rest_route=%2Fwp%2Fv2%2Fcomments&post=13888"}],"version-history":[{"count":11,"href":"https:\/\/www.afitecol.com\/index.php?rest_route=\/wp\/v2\/posts\/13888\/revisions"}],"predecessor-version":[{"id":15667,"href":"https:\/\/www.afitecol.com\/index.php?rest_route=\/wp\/v2\/posts\/13888\/revisions\/15667"}],"wp:attachment":[{"href":"https:\/\/www.afitecol.com\/index.php?rest_route=%2Fwp%2Fv2%2Fmedia&parent=13888"}],"wp:term":[{"taxonomy":"category","embeddable":true,"href":"https:\/\/www.afitecol.com\/index.php?rest_route=%2Fwp%2Fv2%2Fcategories&post=13888"},{"taxonomy":"post_tag","embeddable":true,"href":"https:\/\/www.afitecol.com\/index.php?rest_route=%2Fwp%2Fv2%2Ftags&post=13888"}],"curies":[{"name":"wp","href":"https:\/\/api.w.org\/{rel}","templated":true}]}}