{"id":13878,"date":"2020-08-23T08:10:06","date_gmt":"2020-08-23T13:10:06","guid":{"rendered":"http:\/\/www.afitecol.com\/?p=13878"},"modified":"2021-01-19T20:30:47","modified_gmt":"2021-01-20T01:30:47","slug":"emision-postal-parques-nacionales-naturales-de-colombia-tercera-serie","status":"publish","type":"post","link":"https:\/\/www.afitecol.com\/?p=13878","title":{"rendered":"Emisi\u00f3n postal: \u201c Parques Nacionales Naturales de Colombia. Tercera Serie\u201d"},"content":{"rendered":"<p><a href=\"https:\/\/www.afitecol.com\/wp-content\/uploads\/2020\/08\/Parques3A.jpeg\"><img loading=\"lazy\" decoding=\"async\" class=\"alignleft wp-image-14633\" src=\"https:\/\/www.afitecol.com\/wp-content\/uploads\/2020\/08\/Parques3A-775x1024.jpeg\" alt=\"\" width=\"150\" height=\"198\" srcset=\"https:\/\/www.afitecol.com\/wp-content\/uploads\/2020\/08\/Parques3A-775x1024.jpeg 775w, https:\/\/www.afitecol.com\/wp-content\/uploads\/2020\/08\/Parques3A-227x300.jpeg 227w, https:\/\/www.afitecol.com\/wp-content\/uploads\/2020\/08\/Parques3A-768x1015.jpeg 768w, https:\/\/www.afitecol.com\/wp-content\/uploads\/2020\/08\/Parques3A.jpeg 819w\" sizes=\"(max-width: 150px) 85vw, 150px\" \/><\/a>La Rep\u00fablica de Colombia, uno de los pa\u00edses m\u00e1s ricos en diversidad biol\u00f3gica en el mundo, cuenta con el <strong>Sistema de Parques Nacionales Naturales<\/strong> cuya \u00e1rea total representan cerca de 145.000 km2 de la superficie total de la Rep\u00fablica.<\/p>\n<p>El reto que se han impuesto las autoridades ambientales colombianas est\u00e1 en perpetuar en estado natural no solo de las comunidades bi\u00f3ticas, sino tambi\u00e9n las regiones fisiogr\u00e1ficas, las unidades biogeogr\u00e1ficas, los recursos gen\u00e9ticos y las especies silvestres que se encuentran amenazadas y muchas de ellas en peligro de extinci\u00f3n.<\/p>\n<p>La presente emisi\u00f3n postal hace parte de la Serie <strong>\u201cParques Nacionales Naturales de Colombia,<\/strong> correspondiente a la Tercera Serie. Anteriormente ya hab\u00edan sido emitidas la <strong><a href=\"https:\/\/www.afitecol.com\/?p=12906\">Primera Serie<\/a><\/strong>\u00a0y posteriormente la <a href=\"https:\/\/www.afitecol.com\/?p=13786\"><strong>Segunda Serie<\/strong>.<\/a><\/p>\n<p>En esta oportunidad el Gobierno de Colombia por intermedio del Ministerio de Tecnolog\u00edas de la Informaci\u00f3n y las Comunicaciones autoriz\u00f3 la emisi\u00f3n postal denominada <strong>\u201cParques Nacionales Naturales de Colombia. Tercera Serie\u201d<\/strong> mediante la Resoluci\u00f3n 3034 del 26 de octubre de 2018.<\/p>\n<p><strong>Acto protocolario<\/strong>. El acto de lanzamiento de la Emisi\u00f3n postal: <strong>\u201cParques Nacionales Naturales de Colombia. Tercera Serie\u201d<\/strong> se efectu\u00f3 en la ciudad de Bogot\u00e1, D. C., el d\u00eda 14 de agosto de 2020.<\/p>\n<p><strong>La emisi\u00f3n.<\/strong> La emisi\u00f3n postal <strong>\u201cParques Nacionales Naturales de Colombia. Tercera Serie\u201d<\/strong> consta de 3.000 hojas bloque, para un total de 30.000 estampillas. La emisi\u00f3n postal contiene adem\u00e1s la carpeta y los sobres de primer d\u00eda.<\/p>\n<p><strong><a href=\"https:\/\/www.afitecol.com\/wp-content\/uploads\/2020\/08\/Parques0.jpeg\"><img loading=\"lazy\" decoding=\"async\" class=\"alignleft wp-image-14644\" src=\"https:\/\/www.afitecol.com\/wp-content\/uploads\/2020\/08\/Parques0-372x1024.jpeg\" alt=\"\" width=\"110\" height=\"303\" srcset=\"https:\/\/www.afitecol.com\/wp-content\/uploads\/2020\/08\/Parques0-372x1024.jpeg 372w, https:\/\/www.afitecol.com\/wp-content\/uploads\/2020\/08\/Parques0-109x300.jpeg 109w, https:\/\/www.afitecol.com\/wp-content\/uploads\/2020\/08\/Parques0.jpeg 627w\" sizes=\"(max-width: 110px) 85vw, 110px\" \/><\/a>La hoja bloque<\/strong>. La hoja bloque, numerada, est\u00e1 compuesta por 10 estampillas. En la parte superior de la hoja bloque lleva como t\u00edtulo el nombre de la emisi\u00f3n postal: Parques Nacionales Naturales de Colombia, Tercera Serie.<\/p>\n<p><strong>Las estampillas<\/strong>. Las estampillas en tama\u00f1o de 34.7 X 34.7, en policrom\u00eda, m\u00e1s una tinta especial fluorescente invisible, en papel Truwhite y goma PVA, tienen un valor facial de $ 2.000.<\/p>\n<p>Las estampillas est\u00e1n distribuidas en la hoja bloque en forma similar a como se presentaron en la Primera y Segunda Series: en la parte izquierda y enmarcada en un c\u00edrculo se muestra la Especie animal o vegetal representativa del Parque Natural, y en la parte derecha una imagen representativa del Parque Nacional Natural. Las especies animales y la especie vegetal van acompa\u00f1adas del nombre com\u00fan o vulgar y su correspondiente nombre cient\u00edfico.<\/p>\n<p><strong><a href=\"https:\/\/www.afitecol.com\/wp-content\/uploads\/2020\/08\/Parques2.png\"><img loading=\"lazy\" decoding=\"async\" class=\"alignleft wp-image-13891\" src=\"https:\/\/www.afitecol.com\/wp-content\/uploads\/2020\/08\/Parques2.png\" alt=\"\" width=\"151\" height=\"79\" srcset=\"https:\/\/www.afitecol.com\/wp-content\/uploads\/2020\/08\/Parques2.png 308w, https:\/\/www.afitecol.com\/wp-content\/uploads\/2020\/08\/Parques2-300x157.png 300w\" sizes=\"(max-width: 151px) 85vw, 151px\" \/><\/a>1.Santuario de Flora Isla de la Corota<\/strong>, es el \u00e1rea protegida m\u00e1s peque\u00f1a del sistema de Parques Nacionales Naturales de Colombia, localizado en el Departamento de Nari\u00f1o, muy cercano a la ciudad de Pasto. El Santuario protege al ecosistema de la peque\u00f1a isla de La Corota, que se sit\u00faa en medio de la laguna de La Cocha, uno de los lagos m\u00e1s grandes del pa\u00eds.<\/p>\n<p><strong>Pato piquiamarillo<\/strong> (<em>Anas georgica<\/em>), especie end\u00e9mica de Suram\u00e9rica es llamado tambi\u00e9n pato piquidorado; come algas y granos, de ah\u00ed que otro nombre com\u00fan es el de pato maicero<\/p>\n<p><strong><a href=\"https:\/\/www.afitecol.com\/wp-content\/uploads\/2020\/08\/Parques3.png\"><img loading=\"lazy\" decoding=\"async\" class=\"alignleft wp-image-13892\" src=\"https:\/\/www.afitecol.com\/wp-content\/uploads\/2020\/08\/Parques3.png\" alt=\"\" width=\"150\" height=\"75\" srcset=\"https:\/\/www.afitecol.com\/wp-content\/uploads\/2020\/08\/Parques3.png 308w, https:\/\/www.afitecol.com\/wp-content\/uploads\/2020\/08\/Parques3-300x150.png 300w\" sizes=\"(max-width: 150px) 85vw, 150px\" \/><\/a>2. Parque Nacional Natural Las Hermosas Gloria Valencia de Casta\u00f1o<\/strong>, llamado as\u00ed en honor a una intelectual ya fallecida, periodista y conocida como la Primera Dama de la televisi\u00f3n colombiana y reconocida tambi\u00e9n como una de las principales figuras de la divulgaci\u00f3n de la cultura en Colombia.<\/p>\n<p><strong>Ardilla andina<\/strong> (<em>Sciurus pucheranii<\/em>), es una especie de roedor, diurna, que vive entre los \u00e1rboles, palmeras y helechos arb\u00f3reos,<\/p>\n<p><strong><a href=\"https:\/\/www.afitecol.com\/wp-content\/uploads\/2020\/08\/Parques4.png\"><img loading=\"lazy\" decoding=\"async\" class=\"alignleft wp-image-13893\" src=\"https:\/\/www.afitecol.com\/wp-content\/uploads\/2020\/08\/Parques4.png\" alt=\"\" width=\"151\" height=\"78\" srcset=\"https:\/\/www.afitecol.com\/wp-content\/uploads\/2020\/08\/Parques4.png 301w, https:\/\/www.afitecol.com\/wp-content\/uploads\/2020\/08\/Parques4-300x155.png 300w\" sizes=\"(max-width: 151px) 85vw, 151px\" \/><\/a>3. Parque Nacional Natural Nevado del Huila<\/strong>, est\u00e1 constituido por un \u00e1rea volc\u00e1nica con vegetaci\u00f3n de p\u00e1ramo, subp\u00e1ramo, bosque andino, alto andino y con una minor\u00eda en pajonales localizado en los resguardos ind\u00edgenas en los departamentos del Tolima y Cauca.<\/p>\n<p><strong>Pato de torrente<\/strong> (<em>Merganetta armat<\/em>a), es una ave que vive en la cordillera de los Andes, que anidan individualmente en parejas a orillas de los r\u00edos fr\u00edos y cristalinos de corrientes r\u00e1pidas en las monta\u00f1as. Se alimenta de peces y crust\u00e1ceos que obtiene buceando.<\/p>\n<p><strong><a href=\"https:\/\/www.afitecol.com\/wp-content\/uploads\/2020\/08\/Parques5.png\"><img loading=\"lazy\" decoding=\"async\" class=\"alignleft wp-image-13894\" src=\"https:\/\/www.afitecol.com\/wp-content\/uploads\/2020\/08\/Parques5.png\" alt=\"\" width=\"151\" height=\"76\" srcset=\"https:\/\/www.afitecol.com\/wp-content\/uploads\/2020\/08\/Parques5.png 302w, https:\/\/www.afitecol.com\/wp-content\/uploads\/2020\/08\/Parques5-300x151.png 300w\" sizes=\"(max-width: 151px) 85vw, 151px\" \/><\/a>4. Parque Nacional Natural Complejo Volc\u00e1nico Do\u00f1a Juana Cascabel<\/strong>, situado en pleno Macizo colombiano, entre los departamentos de Nari\u00f1o y Cauca y en l\u00edmites con el departamento de Putumayo. El nombre Cascabel se refiere a la forma como las comunidades de la zona conocen esta formaci\u00f3n, que son altares naturales de su identidad cultural.<\/p>\n<p><strong>Colibri calzadito reluciente o pomponero reluciente<\/strong> (<em>Eriocnemis vestita<\/em>), es una especie de colibr\u00ed cuyo h\u00e1bitat natural son los bosques h\u00famedos tropicales o subtropicales de monta\u00f1a y los bosques antiguos muy degradados.<\/p>\n<p><strong><a href=\"https:\/\/www.afitecol.com\/wp-content\/uploads\/2020\/08\/Parques6.png\"><img loading=\"lazy\" decoding=\"async\" class=\"alignleft wp-image-13895\" src=\"https:\/\/www.afitecol.com\/wp-content\/uploads\/2020\/08\/Parques6.png\" alt=\"\" width=\"151\" height=\"76\" srcset=\"https:\/\/www.afitecol.com\/wp-content\/uploads\/2020\/08\/Parques6.png 306w, https:\/\/www.afitecol.com\/wp-content\/uploads\/2020\/08\/Parques6-300x151.png 300w\" sizes=\"(max-width: 151px) 85vw, 151px\" \/><\/a>5. Parque Nacional Natural Purac\u00e9<\/strong>, se encuentra en la reserva de la regi\u00f3n del macizo colombiano perteneciente a la Cordillera Central. Su superficie hace parte de los departamentos del Cauca y del Huila. Dentro del parque se encuentra el volc\u00e1n Purac\u00e9, uno de los volcanes m\u00e1s activos de Colombia.<\/p>\n<p><strong>Orqu\u00eddea<\/strong>, propia del Parque Natural Purac\u00e9, una especie nueva.<\/p>\n<p>El dise\u00f1o estuvo a cargo de M\u00f3nica Marcela Vargas.<\/p>\n<p><strong><a href=\"https:\/\/www.afitecol.com\/wp-content\/uploads\/2020\/08\/Parques7.png\"> <img loading=\"lazy\" decoding=\"async\" class=\"alignleft wp-image-13896\" src=\"https:\/\/www.afitecol.com\/wp-content\/uploads\/2020\/08\/Parques7-1024x538.png\" alt=\"\" width=\"200\" height=\"105\" srcset=\"https:\/\/www.afitecol.com\/wp-content\/uploads\/2020\/08\/Parques7-1024x538.png 1024w, https:\/\/www.afitecol.com\/wp-content\/uploads\/2020\/08\/Parques7-300x158.png 300w, https:\/\/www.afitecol.com\/wp-content\/uploads\/2020\/08\/Parques7-768x403.png 768w, https:\/\/www.afitecol.com\/wp-content\/uploads\/2020\/08\/Parques7-1200x630.png 1200w, https:\/\/www.afitecol.com\/wp-content\/uploads\/2020\/08\/Parques7.png 1367w\" sizes=\"(max-width: 200px) 85vw, 200px\" \/><\/a><a href=\"https:\/\/www.afitecol.com\/wp-content\/uploads\/2020\/08\/Parques8.png\"><img loading=\"lazy\" decoding=\"async\" class=\"alignleft wp-image-13897\" src=\"https:\/\/www.afitecol.com\/wp-content\/uploads\/2020\/08\/Parques8-1024x531.png\" alt=\"\" width=\"200\" height=\"104\" srcset=\"https:\/\/www.afitecol.com\/wp-content\/uploads\/2020\/08\/Parques8-1024x531.png 1024w, https:\/\/www.afitecol.com\/wp-content\/uploads\/2020\/08\/Parques8-300x156.png 300w, https:\/\/www.afitecol.com\/wp-content\/uploads\/2020\/08\/Parques8-768x399.png 768w, https:\/\/www.afitecol.com\/wp-content\/uploads\/2020\/08\/Parques8-1200x623.png 1200w, https:\/\/www.afitecol.com\/wp-content\/uploads\/2020\/08\/Parques8.png 1366w\" sizes=\"(max-width: 200px) 85vw, 200px\" \/><\/a><a href=\"https:\/\/www.afitecol.com\/wp-content\/uploads\/2020\/08\/Parques9.png\"><img loading=\"lazy\" decoding=\"async\" class=\"alignleft wp-image-13898\" src=\"https:\/\/www.afitecol.com\/wp-content\/uploads\/2020\/08\/Parques9-1024x530.png\" alt=\"\" width=\"200\" height=\"103\" srcset=\"https:\/\/www.afitecol.com\/wp-content\/uploads\/2020\/08\/Parques9-1024x530.png 1024w, https:\/\/www.afitecol.com\/wp-content\/uploads\/2020\/08\/Parques9-300x155.png 300w, https:\/\/www.afitecol.com\/wp-content\/uploads\/2020\/08\/Parques9-768x397.png 768w, https:\/\/www.afitecol.com\/wp-content\/uploads\/2020\/08\/Parques9-1200x621.png 1200w, https:\/\/www.afitecol.com\/wp-content\/uploads\/2020\/08\/Parques9.png 1366w\" sizes=\"(max-width: 200px) 85vw, 200px\" \/><\/a>El sobre de primer d\u00eda<\/strong>. Se imprimieron 1.350 sobres numerados de primer d\u00eda, 450 sobres por cada uno. El primer d\u00eda de servicio fue el 14 de agosto de 2020 y fue matasellado en la ciudad de Bogot\u00e1, D, C., Colombia.<\/p>\n","protected":false},"excerpt":{"rendered":"<p>La Rep\u00fablica de Colombia, uno de los pa\u00edses m\u00e1s ricos en diversidad biol\u00f3gica en el mundo, cuenta con el Sistema de Parques Nacionales Naturales cuya \u00e1rea total representan cerca de 145.000 km2 de la superficie total de la Rep\u00fablica. El reto que se han impuesto las autoridades ambientales colombianas est\u00e1 en perpetuar en estado natural &hellip; <a href=\"https:\/\/www.afitecol.com\/?p=13878\" class=\"more-link\">Continuar leyendo<span class=\"screen-reader-text\"> \u00abEmisi\u00f3n postal: \u201c Parques Nacionales Naturales de Colombia. Tercera Serie\u201d\u00bb<\/span><\/a><\/p>\n","protected":false},"author":2,"featured_media":0,"comment_status":"open","ping_status":"closed","sticky":false,"template":"","format":"standard","meta":{"footnotes":""},"categories":[5],"tags":[],"class_list":["post-13878","post","type-post","status-publish","format-standard","hentry","category-emisiones"],"_links":{"self":[{"href":"https:\/\/www.afitecol.com\/index.php?rest_route=\/wp\/v2\/posts\/13878"}],"collection":[{"href":"https:\/\/www.afitecol.com\/index.php?rest_route=\/wp\/v2\/posts"}],"about":[{"href":"https:\/\/www.afitecol.com\/index.php?rest_route=\/wp\/v2\/types\/post"}],"author":[{"embeddable":true,"href":"https:\/\/www.afitecol.com\/index.php?rest_route=\/wp\/v2\/users\/2"}],"replies":[{"embeddable":true,"href":"https:\/\/www.afitecol.com\/index.php?rest_route=%2Fwp%2Fv2%2Fcomments&post=13878"}],"version-history":[{"count":17,"href":"https:\/\/www.afitecol.com\/index.php?rest_route=\/wp\/v2\/posts\/13878\/revisions"}],"predecessor-version":[{"id":14632,"href":"https:\/\/www.afitecol.com\/index.php?rest_route=\/wp\/v2\/posts\/13878\/revisions\/14632"}],"wp:attachment":[{"href":"https:\/\/www.afitecol.com\/index.php?rest_route=%2Fwp%2Fv2%2Fmedia&parent=13878"}],"wp:term":[{"taxonomy":"category","embeddable":true,"href":"https:\/\/www.afitecol.com\/index.php?rest_route=%2Fwp%2Fv2%2Fcategories&post=13878"},{"taxonomy":"post_tag","embeddable":true,"href":"https:\/\/www.afitecol.com\/index.php?rest_route=%2Fwp%2Fv2%2Ftags&post=13878"}],"curies":[{"name":"wp","href":"https:\/\/api.w.org\/{rel}","templated":true}]}}