{"id":13833,"date":"2020-07-10T18:08:43","date_gmt":"2020-07-10T23:08:43","guid":{"rendered":"http:\/\/www.afitecol.com\/?p=13833"},"modified":"2021-01-19T15:37:26","modified_gmt":"2021-01-19T20:37:26","slug":"emision-postal-serenisima-gran-logia-nacional-de-colombia-con-sede-en-cartagena-de-indias-1920-100-anos-2020","status":"publish","type":"post","link":"https:\/\/www.afitecol.com\/?p=13833","title":{"rendered":"Emisi\u00f3n postal: \u201cSeren\u00edsima Gran Logia Nacional de Colombia con sede en Cartagena de Indias 1920 \u2013 100 a\u00f1os \u2013 2020\u201d."},"content":{"rendered":"<p><a href=\"https:\/\/www.afitecol.com\/wp-content\/uploads\/2020\/07\/Serena1.jpeg\"><img loading=\"lazy\" decoding=\"async\" class=\"alignleft wp-image-14601\" src=\"https:\/\/www.afitecol.com\/wp-content\/uploads\/2020\/07\/Serena1-770x1024.jpeg\" alt=\"\" width=\"149\" height=\"198\" srcset=\"https:\/\/www.afitecol.com\/wp-content\/uploads\/2020\/07\/Serena1-770x1024.jpeg 770w, https:\/\/www.afitecol.com\/wp-content\/uploads\/2020\/07\/Serena1-226x300.jpeg 226w, https:\/\/www.afitecol.com\/wp-content\/uploads\/2020\/07\/Serena1-768x1021.jpeg 768w, https:\/\/www.afitecol.com\/wp-content\/uploads\/2020\/07\/Serena1.jpeg 818w\" sizes=\"(max-width: 149px) 85vw, 149px\" \/><\/a><a href=\"https:\/\/www.afitecol.com\/wp-content\/uploads\/2020\/07\/Serena1A.jpeg\"><img loading=\"lazy\" decoding=\"async\" class=\"alignleft wp-image-14602\" src=\"https:\/\/www.afitecol.com\/wp-content\/uploads\/2020\/07\/Serena1A-772x1024.jpeg\" alt=\"\" width=\"150\" height=\"199\" srcset=\"https:\/\/www.afitecol.com\/wp-content\/uploads\/2020\/07\/Serena1A-772x1024.jpeg 772w, https:\/\/www.afitecol.com\/wp-content\/uploads\/2020\/07\/Serena1A-226x300.jpeg 226w, https:\/\/www.afitecol.com\/wp-content\/uploads\/2020\/07\/Serena1A-768x1019.jpeg 768w, https:\/\/www.afitecol.com\/wp-content\/uploads\/2020\/07\/Serena1A.jpeg 830w\" sizes=\"(max-width: 150px) 85vw, 150px\" \/><\/a>El pasado <strong>1 de enero de 2020<\/strong> La <strong>Seren\u00edsima Gran Logia Nacional de Colombia con sede en Cartagena de Indias<\/strong> cumpli\u00f3 sus primeros 100 a\u00f1os de exitosa vida.<\/p>\n<p>&nbsp;<\/p>\n<p><a href=\"https:\/\/www.afitecol.com\/wp-content\/uploads\/2020\/07\/Logia3.png\"><img loading=\"lazy\" decoding=\"async\" class=\"alignleft wp-image-13844\" src=\"https:\/\/www.afitecol.com\/wp-content\/uploads\/2020\/07\/Logia3-1024x769.png\" alt=\"\" width=\"144\" height=\"108\" srcset=\"https:\/\/www.afitecol.com\/wp-content\/uploads\/2020\/07\/Logia3-1024x769.png 1024w, https:\/\/www.afitecol.com\/wp-content\/uploads\/2020\/07\/Logia3-300x225.png 300w, https:\/\/www.afitecol.com\/wp-content\/uploads\/2020\/07\/Logia3-768x577.png 768w, https:\/\/www.afitecol.com\/wp-content\/uploads\/2020\/07\/Logia3.png 1192w\" sizes=\"(max-width: 144px) 85vw, 144px\" \/><\/a>Fue el d\u00eda 1\u00b0 de enero de 1.920 cuando el Supremo Consejo del Grado 33, constituy\u00f3 la <strong>Seren\u00edsima Gran Logia Nacional de Colombia<\/strong>, con sede en <strong>Cartagena de Indias<\/strong>, teniendo como base la \u201cCasa Grande\u201d.<\/p>\n<p>Hay que destacar las figuras de ilustres ciudadanos de Cartagena de Indias que contribuyeron al desarrollo de la Seren\u00edsima, en su calidad de Masones.\u00a0 <em>\u201cUn Mas\u00f3n es aquel que debe obediencia a la orden mas\u00f3nica y a las leyes de su pa\u00eds, que vive honorablemente, practica la justicia, ama a su pr\u00f3jimo, trabaja incesantemente por la verdadera felicidad de la Humanidad y ayuda a los seres humanos a emanciparse de la esclavitud de la pasi\u00f3n y la ignorancia\u201d.<\/em><\/p>\n<p><a href=\"https:\/\/www.afitecol.com\/wp-content\/uploads\/2020\/07\/Nieto.png\"><img loading=\"lazy\" decoding=\"async\" class=\"alignleft wp-image-13841\" src=\"https:\/\/www.afitecol.com\/wp-content\/uploads\/2020\/07\/Nieto.png\" alt=\"\" width=\"101\" height=\"132\" srcset=\"https:\/\/www.afitecol.com\/wp-content\/uploads\/2020\/07\/Nieto.png 636w, https:\/\/www.afitecol.com\/wp-content\/uploads\/2020\/07\/Nieto-231x300.png 231w\" sizes=\"(max-width: 101px) 85vw, 101px\" \/><\/a>General <strong>Juan Jos\u00e9 Nieto Gil<\/strong>, pol\u00edtico, escritor, militar y estadista colombiano, que ejerci\u00f3 como <strong>Presidente de la Confederaci\u00f3n Granadina<\/strong> en 1861, siendo el <strong>Primer presidente Afro descendiente de Colombia<\/strong>. Se inici\u00f3 en la Logia Hospitalidad Granadina N\u00ba 1 en 1839, llegando a ser su Venerable Maestro de 1856 a 1859. Fue Soberano Gran Comendador del Supremo Consejo Neo granadino del Grado 33, con sede en Cartagena de Indias, de 1849 a 1850 y de 1860 a 1865.<\/p>\n<p><strong><a href=\"https:\/\/www.afitecol.com\/wp-content\/uploads\/2020\/07\/Bautista.png\"><img loading=\"lazy\" decoding=\"async\" class=\"alignleft wp-image-13842\" src=\"https:\/\/www.afitecol.com\/wp-content\/uploads\/2020\/07\/Bautista.png\" alt=\"\" width=\"101\" height=\"95\" srcset=\"https:\/\/www.afitecol.com\/wp-content\/uploads\/2020\/07\/Bautista.png 762w, https:\/\/www.afitecol.com\/wp-content\/uploads\/2020\/07\/Bautista-300x283.png 300w\" sizes=\"(max-width: 101px) 85vw, 101px\" \/><\/a>Juan Bautista Mainero i Trucco<\/strong>, empresario, industrial, comerciante, rentista y banquero, nacido en Italia, y considerado como uno de los hombres m\u00e1s acaudalados econ\u00f3micamente de su generaci\u00f3n. En abril de 1865 fue investido con el Grado 33 por el Supremo Consejo Neo granadino, cuerpo Mas\u00f3nico del que fue Soberano Gran Comendador en dos oportunidades. Debido a los m\u00faltiples regalos de ornato p\u00fablico que don\u00f3 para la ciudad de Cartagena, como el Monumento a Crist\u00f3bal Col\u00f3n en la Plaza de la Aduana, fue declarado por el Concejo Municipal como \u201cHijo de Cartagena\u201d.<\/p>\n<p><strong><a href=\"https:\/\/www.afitecol.com\/wp-content\/uploads\/2020\/07\/Bossa.png\"><img loading=\"lazy\" decoding=\"async\" class=\"alignleft wp-image-13843\" src=\"https:\/\/www.afitecol.com\/wp-content\/uploads\/2020\/07\/Bossa.png\" alt=\"\" width=\"100\" height=\"133\" srcset=\"https:\/\/www.afitecol.com\/wp-content\/uploads\/2020\/07\/Bossa.png 655w, https:\/\/www.afitecol.com\/wp-content\/uploads\/2020\/07\/Bossa-225x300.png 225w\" sizes=\"(max-width: 100px) 85vw, 100px\" \/><\/a>Sim\u00f3n Bossa Pereira<\/strong> nacido en Arjona, Bol\u00edvar, abogado, hombre c\u00edvico, eminente hombre p\u00fablico, destacado orador, Ministro de Hacienda, fue considerado como el arquetipo del Hombre Mas\u00f3n en la primera mitad del siglo XX, siendo exaltado al Sublime Grado de Maestro Mas\u00f3n el 14 de agosto de 1909. Al ser fundada la Seren\u00edsima Gran Logia Nacional de Colombia con sede en Cartagena de Indias, el 1 de enero de 1920, fue declarado como Gran Maestro Ad Vitam y Miembro Benem\u00e9rito de la Masoner\u00eda Colombiana.<\/p>\n<p><a href=\"https:\/\/www.afitecol.com\/wp-content\/uploads\/2020\/07\/1984.png\"><img loading=\"lazy\" decoding=\"async\" class=\"alignleft wp-image-13847\" src=\"https:\/\/www.afitecol.com\/wp-content\/uploads\/2020\/07\/1984.png\" alt=\"\" width=\"140\" height=\"90\" \/><\/a>Cabe aqu\u00ed mencionar a otro gran personaje de la vida nacional colombiana, de la Logia Uni\u00f3n Momposina N\u00ba 18 perteneciente a la Seren\u00edsima. Se trata de <strong>Candelario Obeso Hern\u00e1ndez<\/strong>, nacido en Santacruz de Momp\u00f3s conocido como el Precursor de la \u201cPoes\u00eda Negra Colombiana\u201d que narra la cotidianidad de los hombres negros de la \u00e9poca mediante el lenguaje coloquial de las comunidades afro colombianas de su \u00e9poca. En la Logia Momposina N\u00ba 18, alcanz\u00f3 el grado de Maestro Mas\u00f3n. Su obra literaria m\u00e1s importante es Cantos de mi tierra, publicada en 1877.<\/p>\n<p>El Gobierno de Colombia ha querido en esta oportunidad resaltar la jerarqu\u00eda de la <strong>\u201cSeren\u00edsima Gran Logia Nacional de Colombia con sede en Cartagena de Indias\u201d<\/strong>, con motivo de su Primer Centenario ejecutado el <strong>1 de Enero de 2020<\/strong>, con una emisi\u00f3n postal denominada <strong>\u201cSeren\u00edsima Gran Logia Nacional de Colombia con sede en Cartagena de Indias 1920 \u2013 100 a\u00f1os \u2013 2020\u201d.<\/strong><\/p>\n<p>La emisi\u00f3n postal <strong>\u201cSeren\u00edsima Gran Logia Nacional de Colombia con sede en Cartagena de Indias 1920 \u2013 100 a\u00f1os \u2013 2020\u201d<\/strong> fue aprobada mediante la Resoluci\u00f3n n\u00famero 386 del 26 de febrero de 2020 del Ministerio de Tecnolog\u00edas de la Informaci\u00f3n y las Comunicaciones.<\/p>\n<p><strong>Acto protocolario<\/strong>. El acto de lanzamiento de la Emisi\u00f3n postal: <strong>\u201cSeren\u00edsima Gran Logia Nacional de Colombia con sede en Cartagena de Indias 1920 \u2013 100 a\u00f1os \u2013 2020\u201d<\/strong>, se efectu\u00f3 en la ciudad origen de la sede del evento, el d\u00eda 10 de julio de 2020.<\/p>\n<p><strong>La emisi\u00f3n<\/strong>. La emisi\u00f3n postal <strong>\u201cSeren\u00edsima Gran Logia Nacional de Colombia con sede en Cartagena de Indias 1920 \u2013 100 a\u00f1os \u2013 2020\u201d<\/strong> consta de 12.500 hojas bloque, para un total de 150.000 estampillas. La emisi\u00f3n contiene adem\u00e1s la carpeta y el bolet\u00edn informativo.<\/p>\n<p><strong><a href=\"https:\/\/www.afitecol.com\/wp-content\/uploads\/2020\/07\/Serena2.jpeg\"><img loading=\"lazy\" decoding=\"async\" class=\"alignleft wp-image-14603\" src=\"https:\/\/www.afitecol.com\/wp-content\/uploads\/2020\/07\/Serena2-861x1024.jpeg\" alt=\"\" width=\"150\" height=\"178\" srcset=\"https:\/\/www.afitecol.com\/wp-content\/uploads\/2020\/07\/Serena2-861x1024.jpeg 861w, https:\/\/www.afitecol.com\/wp-content\/uploads\/2020\/07\/Serena2-252x300.jpeg 252w, https:\/\/www.afitecol.com\/wp-content\/uploads\/2020\/07\/Serena2-768x914.jpeg 768w, https:\/\/www.afitecol.com\/wp-content\/uploads\/2020\/07\/Serena2.jpeg 1053w\" sizes=\"(max-width: 150px) 85vw, 150px\" \/><\/a>La hoja bloque<\/strong>. La Hoja bloque, numerada, est\u00e1 compuesta por 12 estampillas. En la parte superior de la hoja bloque aparece como t\u00edtulo el nombre de la emisi\u00f3n \u201cSeren\u00edsima Gran Logia Nacional con Sede en Cartagena de Indias. 1920 &#8211; 100 a\u00f1os &#8211; 2020.<\/p>\n<p><strong><a href=\"https:\/\/www.afitecol.com\/wp-content\/uploads\/2020\/07\/Serena3.jpeg\"><img loading=\"lazy\" decoding=\"async\" class=\"alignleft wp-image-14604\" src=\"https:\/\/www.afitecol.com\/wp-content\/uploads\/2020\/07\/Serena3.jpeg\" alt=\"\" width=\"88\" height=\"117\" srcset=\"https:\/\/www.afitecol.com\/wp-content\/uploads\/2020\/07\/Serena3.jpeg 242w, https:\/\/www.afitecol.com\/wp-content\/uploads\/2020\/07\/Serena3-226x300.jpeg 226w\" sizes=\"(max-width: 88px) 85vw, 88px\" \/><\/a>Las estampillas<\/strong>. Las estampillas en tama\u00f1o de 30 x 40 mm, en policrom\u00eda, m\u00e1s una tinta especial fluorescente invisible, en papel Truwhite y goma PVA, tienen un valor facial de $ 2.000.<\/p>\n<p>Las estampillas llevan como imagen el escudo de la instituci\u00f3n el Panal de Abejas rodeado de las herramientas del Maestro Mas\u00f3n: el comp\u00e1s, la escuadra, el mazo y la llana, reminiscencia de la tradici\u00f3n constructora u operativa de la antigua masoner\u00eda, las cuales hoy se utilizan en un sentido simb\u00f3lico.<\/p>\n<p>El dise\u00f1o estuvo a cargo de Diego Robayo.<\/p>\n<p><strong><a href=\"https:\/\/www.afitecol.com\/wp-content\/uploads\/2020\/07\/Serenismasobre.png\"><img loading=\"lazy\" decoding=\"async\" class=\"alignleft wp-image-13855 \" src=\"https:\/\/www.afitecol.com\/wp-content\/uploads\/2020\/07\/Serenismasobre-1024x517.png\" alt=\"\" width=\"200\" height=\"101\" srcset=\"https:\/\/www.afitecol.com\/wp-content\/uploads\/2020\/07\/Serenismasobre-1024x517.png 1024w, https:\/\/www.afitecol.com\/wp-content\/uploads\/2020\/07\/Serenismasobre-300x151.png 300w, https:\/\/www.afitecol.com\/wp-content\/uploads\/2020\/07\/Serenismasobre-768x387.png 768w, https:\/\/www.afitecol.com\/wp-content\/uploads\/2020\/07\/Serenismasobre-1200x605.png 1200w, https:\/\/www.afitecol.com\/wp-content\/uploads\/2020\/07\/Serenismasobre.png 1358w\" sizes=\"(max-width: 200px) 85vw, 200px\" \/><\/a>El sobre de primer d\u00eda.<\/strong> Se imprimieron 480 sobres numerados de primer d\u00eda, siendo el primer d\u00eda de servicio el 10 de julio de 2020 y matasellado en la ciudad de Cartagena de Indias, Departamento de Bol\u00edvar, Colombia.<\/p>\n","protected":false},"excerpt":{"rendered":"<p>El pasado 1 de enero de 2020 La Seren\u00edsima Gran Logia Nacional de Colombia con sede en Cartagena de Indias cumpli\u00f3 sus primeros 100 a\u00f1os de exitosa vida. &nbsp; Fue el d\u00eda 1\u00b0 de enero de 1.920 cuando el Supremo Consejo del Grado 33, constituy\u00f3 la Seren\u00edsima Gran Logia Nacional de Colombia, con sede en &hellip; <a href=\"https:\/\/www.afitecol.com\/?p=13833\" class=\"more-link\">Continuar leyendo<span class=\"screen-reader-text\"> \u00abEmisi\u00f3n postal: \u201cSeren\u00edsima Gran Logia Nacional de Colombia con sede en Cartagena de Indias 1920 \u2013 100 a\u00f1os \u2013 2020\u201d.\u00bb<\/span><\/a><\/p>\n","protected":false},"author":2,"featured_media":0,"comment_status":"open","ping_status":"closed","sticky":false,"template":"","format":"standard","meta":{"footnotes":""},"categories":[5],"tags":[],"class_list":["post-13833","post","type-post","status-publish","format-standard","hentry","category-emisiones"],"_links":{"self":[{"href":"https:\/\/www.afitecol.com\/index.php?rest_route=\/wp\/v2\/posts\/13833"}],"collection":[{"href":"https:\/\/www.afitecol.com\/index.php?rest_route=\/wp\/v2\/posts"}],"about":[{"href":"https:\/\/www.afitecol.com\/index.php?rest_route=\/wp\/v2\/types\/post"}],"author":[{"embeddable":true,"href":"https:\/\/www.afitecol.com\/index.php?rest_route=\/wp\/v2\/users\/2"}],"replies":[{"embeddable":true,"href":"https:\/\/www.afitecol.com\/index.php?rest_route=%2Fwp%2Fv2%2Fcomments&post=13833"}],"version-history":[{"count":17,"href":"https:\/\/www.afitecol.com\/index.php?rest_route=\/wp\/v2\/posts\/13833\/revisions"}],"predecessor-version":[{"id":13853,"href":"https:\/\/www.afitecol.com\/index.php?rest_route=\/wp\/v2\/posts\/13833\/revisions\/13853"}],"wp:attachment":[{"href":"https:\/\/www.afitecol.com\/index.php?rest_route=%2Fwp%2Fv2%2Fmedia&parent=13833"}],"wp:term":[{"taxonomy":"category","embeddable":true,"href":"https:\/\/www.afitecol.com\/index.php?rest_route=%2Fwp%2Fv2%2Fcategories&post=13833"},{"taxonomy":"post_tag","embeddable":true,"href":"https:\/\/www.afitecol.com\/index.php?rest_route=%2Fwp%2Fv2%2Ftags&post=13833"}],"curies":[{"name":"wp","href":"https:\/\/api.w.org\/{rel}","templated":true}]}}