{"id":13389,"date":"2019-12-05T17:26:51","date_gmt":"2019-12-05T17:26:51","guid":{"rendered":"http:\/\/www.afitecol.com\/?p=13389"},"modified":"2019-12-06T20:47:16","modified_gmt":"2019-12-06T20:47:16","slug":"emision-postal-50-anos-comunidad-andina-de-integracion","status":"publish","type":"post","link":"https:\/\/www.afitecol.com\/?p=13389","title":{"rendered":"Emisi\u00f3n postal: \u201cComunidad Andina 50 a\u00f1os de Integraci\u00f3n 1969 &#8211; 2019&#8243;"},"content":{"rendered":"<p><img loading=\"lazy\" decoding=\"async\" class=\"alignleft wp-image-13405\" src=\"https:\/\/www.afitecol.com\/wp-content\/uploads\/2019\/12\/CAN1-791x1024.jpeg\" alt=\"\" width=\"150\" height=\"194\" srcset=\"https:\/\/www.afitecol.com\/wp-content\/uploads\/2019\/12\/CAN1-791x1024.jpeg 791w, https:\/\/www.afitecol.com\/wp-content\/uploads\/2019\/12\/CAN1-232x300.jpeg 232w, https:\/\/www.afitecol.com\/wp-content\/uploads\/2019\/12\/CAN1-768x995.jpeg 768w, https:\/\/www.afitecol.com\/wp-content\/uploads\/2019\/12\/CAN1.jpeg 843w\" sizes=\"(max-width: 150px) 85vw, 150px\" \/>El 26 de mayo de 1969 se cre\u00f3 inicialmente el llamado <strong>Pacto Andino<\/strong> o <strong>Grupo Andino<\/strong>, cuando varios pa\u00edses suramericanos, Bolivia, Chile, Colombia, Ecuador y Per\u00fa suscribieron\u00a0el <strong>Acuerdo de Cartagena<\/strong>, un Acuerdo de integraci\u00f3n Sub regional Andina, que fijaba los objetivos de la integraci\u00f3n andina, defin\u00eda su sistema institucional y establec\u00eda los mecanismos y pol\u00edticas que deb\u00edan ser desarrolladas por los \u00f3rganos comunitarios, dando origen a la actual <strong>Comunidad Andina de Integraci\u00f3n, CAN.<\/strong><\/p>\n<p>El objetivo de esta organizaci\u00f3n es principalmente la integraci\u00f3n econ\u00f3mica de los pa\u00edses\u00a0para proteger las industrias y\u00a0promover el comercio para\u00a0el desarrollo econ\u00f3mico de los pa\u00edses miembros. El objetivo espec\u00edfico es\u00a0la libre circulaci\u00f3n de productos y servicios entre los pa\u00edses miembros mediante acuerdos aduaneros y arancelarios.<\/p>\n<p>En 1973 se produce la creaci\u00f3n de la <strong>Zona Andina de Libre Comercio<\/strong>. En 1996 los Presidentes de Bolivia, Colombia, Ecuador, Per\u00fa, el Representante Personal del Presidente de Venezuela, y el Presidente de Panam\u00e1, en calidad de observador, reunidos en la ciudad de Trujillo, Per\u00fa, adoptaron el Protocolo Modificatorio del Acuerdo de Integraci\u00f3n Sub regional Andina, con el que se cre\u00f3 la Comunidad Andina y el Sistema Andino de Integraci\u00f3n.<\/p>\n<p>La <strong>Comunidad Andina \u2013 CAN<\/strong> &#8211; es una organizaci\u00f3n internacional que trabaja con el objetivo de alcanzar un desarrollo integral social y econ\u00f3mico, m\u00e1s equilibrado y aut\u00f3nomo, mediante el fortalecimiento de la integraci\u00f3n andina, con proyecci\u00f3n hacia Suram\u00e9rica y Latinoam\u00e9rica.<\/p>\n<p>Los pa\u00edses que integran la Comunidad Andina, desde 1969, son: Bolivia, Colombia, Ecuador y Per\u00fa, pa\u00edses que est\u00e1n unidos por el mismo pasado, tienen una variada geograf\u00eda, una gran diversidad cultural y natural, as\u00ed como objetivos y metas comunes.<\/p>\n<p>Como Pa\u00edses Asociados desde 2005 est\u00e1n: Argentina, Brasil, Paraguay y Uruguay, y Chile pa\u00eds miembro de 1969 a 1976; pa\u00eds observador desde 2004 a 2006, y miembro asociado desde 2006, y como Pa\u00edses Observadores: Espa\u00f1a, M\u00e9xico y Panam\u00e1.<\/p>\n<p>Para destacar la actividad desarrollada por la CAN en estos cincuenta a\u00f1os de vida fruct\u00edfera, el Gobierno de Colombia ha aprobado la emisi\u00f3n postal: <strong>\u201c Comunidad Andina 50 a\u00f1os de Integraci\u00f3n 1969 &#8211; 2019\u201d,<\/strong> mediante la Resoluci\u00f3n N\u00ba 2352 del 17 de septiembre de 2019 del Ministerio de Tecnolog\u00edas de la Informaci\u00f3n y las Comunicaciones.<\/p>\n<p><strong>Acto protocolario<\/strong>. El acto protocolario del lanzamiento de la emisi\u00f3n postal <strong>\u201cComunidad Andina 50 a\u00f1os de Integraci\u00f3n 1969 &#8211; 2019\u201d<\/strong>, tuvo lugar en la ciudad de Bogot\u00e1, D.C., el 22 de Noviembre de 2019, con la asistencia de las Autoridades nacionales, directivos del Ministerio de Tecnolog\u00edas de la Informaci\u00f3n y las Comunicaciones, de 4-72 La Red Postal de Colombia, invitados especiales y filatelistas.<\/p>\n<p><strong>La emisi\u00f3n<\/strong>. La emisi\u00f3n postal <strong>\u201cComunidad Andina 50 a\u00f1os de Integraci\u00f3n 1969 &#8211; 2019\u201d<\/strong> consta de 2.185 hojas filat\u00e9licas, para un total de 13.110 estampillas. La emisi\u00f3n contiene adem\u00e1s la carpeta, el bolet\u00edn informativo y el sobre de primer d\u00eda.<\/p>\n<p><strong><img loading=\"lazy\" decoding=\"async\" class=\"alignleft wp-image-13406\" src=\"https:\/\/www.afitecol.com\/wp-content\/uploads\/2019\/12\/CAN2.jpeg\" alt=\"\" width=\"90\" height=\"110\" srcset=\"https:\/\/www.afitecol.com\/wp-content\/uploads\/2019\/12\/CAN2.jpeg 405w, https:\/\/www.afitecol.com\/wp-content\/uploads\/2019\/12\/CAN2-244x300.jpeg 244w\" sizes=\"(max-width: 90px) 85vw, 90px\" \/>La hoja bloque<\/strong>. La hoja bloque, numerada, contiene 6 estampillas y lleva como titulo el de la emisi\u00f3n: Comunidad Andina, 50 a\u00f1os, 1969 \u2013 2019.<\/p>\n<p><strong>Las estampillas<\/strong>. Las estampillas en tama\u00f1o de 30 x 40 mm, en policrom\u00eda, m\u00e1s una tinta especial fluorescente invisible, en papel Truwhite y goma PVA, tienen un valor facial de $ 2.000.<\/p>\n<p>&nbsp;<\/p>\n<p><img loading=\"lazy\" decoding=\"async\" class=\"alignleft wp-image-13396\" src=\"https:\/\/www.afitecol.com\/wp-content\/uploads\/2019\/12\/ComunidadAndina2.png\" alt=\"\" width=\"73\" height=\"95\" \/>Las estampillas llevan como imagen la uni\u00f3n de los mapas de los pa\u00edses que forman la Comunidad Andina de Integraci\u00f3n y la referencia el objetivo de la emisi\u00f3n, los 50 a\u00f1os de Integraci\u00f3n 1969 \u2013 2019.<\/p>\n<p>&nbsp;<\/p>\n<p><strong><img loading=\"lazy\" decoding=\"async\" class=\"alignleft wp-image-13393\" src=\"https:\/\/www.afitecol.com\/wp-content\/uploads\/2019\/12\/ComunidadAndia3-1024x530.png\" alt=\"\" width=\"168\" height=\"87\" srcset=\"https:\/\/www.afitecol.com\/wp-content\/uploads\/2019\/12\/ComunidadAndia3-1024x530.png 1024w, https:\/\/www.afitecol.com\/wp-content\/uploads\/2019\/12\/ComunidadAndia3-300x155.png 300w, https:\/\/www.afitecol.com\/wp-content\/uploads\/2019\/12\/ComunidadAndia3-768x397.png 768w, https:\/\/www.afitecol.com\/wp-content\/uploads\/2019\/12\/ComunidadAndia3.png 1670w\" sizes=\"(max-width: 168px) 85vw, 168px\" \/>El sobre de primer d\u00eda<\/strong>. Se imprimieron 480 sobres numerados de primer d\u00eda de servicio. El primer d\u00eda de servicio fue el 22 de noviembre de 2019 y fue matasellado en la ciudad de Bogot\u00e1, D.C., Colombia.<\/p>\n","protected":false},"excerpt":{"rendered":"<p>El 26 de mayo de 1969 se cre\u00f3 inicialmente el llamado Pacto Andino o Grupo Andino, cuando varios pa\u00edses suramericanos, Bolivia, Chile, Colombia, Ecuador y Per\u00fa suscribieron\u00a0el Acuerdo de Cartagena, un Acuerdo de integraci\u00f3n Sub regional Andina, que fijaba los objetivos de la integraci\u00f3n andina, defin\u00eda su sistema institucional y establec\u00eda los mecanismos y pol\u00edticas &hellip; <a href=\"https:\/\/www.afitecol.com\/?p=13389\" class=\"more-link\">Continuar leyendo<span class=\"screen-reader-text\"> \u00abEmisi\u00f3n postal: \u201cComunidad Andina 50 a\u00f1os de Integraci\u00f3n 1969 &#8211; 2019&#8243;\u00bb<\/span><\/a><\/p>\n","protected":false},"author":2,"featured_media":0,"comment_status":"open","ping_status":"closed","sticky":false,"template":"","format":"standard","meta":{"footnotes":""},"categories":[5],"tags":[],"class_list":["post-13389","post","type-post","status-publish","format-standard","hentry","category-emisiones"],"_links":{"self":[{"href":"https:\/\/www.afitecol.com\/index.php?rest_route=\/wp\/v2\/posts\/13389"}],"collection":[{"href":"https:\/\/www.afitecol.com\/index.php?rest_route=\/wp\/v2\/posts"}],"about":[{"href":"https:\/\/www.afitecol.com\/index.php?rest_route=\/wp\/v2\/types\/post"}],"author":[{"embeddable":true,"href":"https:\/\/www.afitecol.com\/index.php?rest_route=\/wp\/v2\/users\/2"}],"replies":[{"embeddable":true,"href":"https:\/\/www.afitecol.com\/index.php?rest_route=%2Fwp%2Fv2%2Fcomments&post=13389"}],"version-history":[{"count":13,"href":"https:\/\/www.afitecol.com\/index.php?rest_route=\/wp\/v2\/posts\/13389\/revisions"}],"predecessor-version":[{"id":13401,"href":"https:\/\/www.afitecol.com\/index.php?rest_route=\/wp\/v2\/posts\/13389\/revisions\/13401"}],"wp:attachment":[{"href":"https:\/\/www.afitecol.com\/index.php?rest_route=%2Fwp%2Fv2%2Fmedia&parent=13389"}],"wp:term":[{"taxonomy":"category","embeddable":true,"href":"https:\/\/www.afitecol.com\/index.php?rest_route=%2Fwp%2Fv2%2Fcategories&post=13389"},{"taxonomy":"post_tag","embeddable":true,"href":"https:\/\/www.afitecol.com\/index.php?rest_route=%2Fwp%2Fv2%2Ftags&post=13389"}],"curies":[{"name":"wp","href":"https:\/\/api.w.org\/{rel}","templated":true}]}}