{"id":13295,"date":"2019-10-24T13:56:45","date_gmt":"2019-10-24T13:56:45","guid":{"rendered":"http:\/\/www.afitecol.com\/?p=13295"},"modified":"2021-01-11T11:41:44","modified_gmt":"2021-01-11T16:41:44","slug":"emision-postal-jorge-baron-television-50-anos-1969-2019","status":"publish","type":"post","link":"https:\/\/www.afitecol.com\/?p=13295","title":{"rendered":"Emisi\u00f3n postal: \u201cJorge Bar\u00f3n Televisi\u00f3n 50 a\u00f1os 1969 \u2013 2019\u201d"},"content":{"rendered":"<p><img loading=\"lazy\" decoding=\"async\" class=\"alignleft wp-image-13305\" src=\"https:\/\/www.afitecol.com\/wp-content\/uploads\/2019\/10\/BaronTV1-2-774x1024.jpeg\" alt=\"\" width=\"116\" height=\"153\" srcset=\"https:\/\/www.afitecol.com\/wp-content\/uploads\/2019\/10\/BaronTV1-2-774x1024.jpeg 774w, https:\/\/www.afitecol.com\/wp-content\/uploads\/2019\/10\/BaronTV1-2-227x300.jpeg 227w, https:\/\/www.afitecol.com\/wp-content\/uploads\/2019\/10\/BaronTV1-2-768x1016.jpeg 768w, https:\/\/www.afitecol.com\/wp-content\/uploads\/2019\/10\/BaronTV1-2.jpeg 836w\" sizes=\"(max-width: 116px) 85vw, 116px\" \/><img loading=\"lazy\" decoding=\"async\" class=\"alignleft wp-image-13307\" src=\"https:\/\/www.afitecol.com\/wp-content\/uploads\/2019\/10\/BaronTV2-1-774x1024.jpeg\" alt=\"\" width=\"117\" height=\"155\" srcset=\"https:\/\/www.afitecol.com\/wp-content\/uploads\/2019\/10\/BaronTV2-1-774x1024.jpeg 774w, https:\/\/www.afitecol.com\/wp-content\/uploads\/2019\/10\/BaronTV2-1-227x300.jpeg 227w, https:\/\/www.afitecol.com\/wp-content\/uploads\/2019\/10\/BaronTV2-1-768x1016.jpeg 768w, https:\/\/www.afitecol.com\/wp-content\/uploads\/2019\/10\/BaronTV2-1.jpeg 836w\" sizes=\"(max-width: 117px) 85vw, 117px\" \/><\/p>\n<p>Jorge Eli\u00e9cer Var\u00f3n Ortiz nacido en la ciudad de Ibagu\u00e9, Departamento del Tolima, Colombia, el 29 de junio de 1948 es un empresario y presentador de radio y televisi\u00f3n colombiano, m\u00e1s conocido como <strong>Jorge Bar\u00f3n Televisi\u00f3n.<\/strong><\/p>\n<p><strong>Jorge Bar\u00f3n<\/strong> inici\u00f3 sus actividades, en las que se ha destacado desde adolescente, en varias emisoras de Ibagu\u00e9 como La voz del Nevado y en Ondas de Ibagu\u00e9 donde narraba los partidos de su Deportes Tolima.<\/p>\n<p>Realiz\u00f3 sus estudios de bachillerato en su ciudad natal de Ibagu\u00e9 y luego viaj\u00f3 a Bogot\u00e1 en busca de oportunidades. Se gradu\u00f3 de Licenciado en Econom\u00eda en la Universidad Libre.<\/p>\n<p>En Bogot\u00e1 Jorge Bar\u00f3n continu\u00f3 su carrera en la radio; fue en La Voz de Colombia, donde adem\u00e1s de locutor era tambi\u00e9n el encargado de los discos.<\/p>\n<p>M\u00e1s adelante incursion\u00f3 en varios proyectos de televisi\u00f3n: fund\u00f3 una programadora, en la actualidad Ex programadora, fundada el 24 de mayo de 1969 por el ya empresario y presentador Jorge Bar\u00f3n, la cual presentaba y dirig\u00eda un programa de m\u00fasica en estudio denominado <strong>El Show de las Estrellas<\/strong>, donde se presentaron varios artistas de nivel nacional e internacional, de diferentes g\u00e9neros musicales.<\/p>\n<p>De <strong>Jorge Bar\u00f3n Televisi\u00f3n<\/strong> tambi\u00e9n fueron los programas: Embajadores de la M\u00fasica Colombiana, Ritmo cambiante,\u00a0La Nueva Estrella de las Canciones, La Gran Fiesta de los Hogares Colombianos, trasmitido generalmente en las Navidades y Fin de A\u00f1o; Se\u00f1oras y Se\u00f1ores y el\u00a0Noticiero del Espect\u00e1culo, entre muchos otros.<\/p>\n<p><strong>Jorge Bar\u00f3n<\/strong> ha sido catalogado por diversas personalidades, como un <strong>Embajador de la Cultura Colombiana<\/strong> y una persona portadora de una semilla de esperanza.<\/p>\n<p>El Gobierno de Colombia, por intermedio del Ministerio de Tecnolog\u00edas de la Informaci\u00f3n y las Comunicaciones, ha querido unirse a los festejos por el cincuentenario del <strong>Programa Jorge Bar\u00f3n Televisi\u00f3n<\/strong>, con la autorizaci\u00f3n de una emisi\u00f3n postal.<\/p>\n<p>Ya anteriormente Jorge Bar\u00f3n hab\u00eda recibido una distinci\u00f3n por su labor, consistente en la <strong>Orden de Boyac\u00e1<\/strong> en el grado <strong>Cruz de Plata<\/strong>, en conmemoraci\u00f3n de los 35 a\u00f1os de existencia de la programadora <strong>Jorge Bar\u00f3n Televisi\u00f3n,<\/strong> por su labor de trasladar su programa de televisi\u00f3n fuera de Bogot\u00e1 a todos los pueblos de Colombia y llevar un poco de alegr\u00eda con sus presentaciones.<\/p>\n<p>La emisi\u00f3n postal <strong>\u201cJorge Bar\u00f3n Televisi\u00f3n 50 a\u00f1os 1969 \u2013 2019<\/strong>\u201d fue autorizada mediante la Resoluci\u00f3n N\u00ba 996 del 2 de mayo de 2019 del Ministerio de Tecnolog\u00edas de la Informaci\u00f3n y las Comunicaciones.<\/p>\n<p><strong>Acto protocolario<\/strong>. El acto protocolario del lanzamiento de la emisi\u00f3n postal <strong>\u201cJorge Bar\u00f3n Televisi\u00f3n 50 a\u00f1os 1969 \u2013 2019\u201d<\/strong>, tuvo lugar en el Sal\u00f3n Bol\u00edvar, de la Casa de Nari\u00f1o, sede del Gobierno de Colombia, en la ciudad de Bogot\u00e1, D.C., el 15 de octubre de 2019, con la asistencia de las Autoridades nacionales, directivos del Ministerio de Tecnolog\u00edas de la Informaci\u00f3n y las Comunicaciones, de 4-72 La Red Postal de Colombia, invitados especiales y filatelistas.<\/p>\n<p><strong>La emisi\u00f3n<\/strong>. La emisi\u00f3n postal <strong>\u201cJorge Bar\u00f3n Televisi\u00f3n 50 a\u00f1os 1969 \u2013 2019\u201d<\/strong> consta de 2.156 hojas filat\u00e9licas, para un total de 12.918 estampillas. La emisi\u00f3n contiene adem\u00e1s la carpeta, el bolet\u00edn informativo y el sobre de primer d\u00eda.<\/p>\n<p><strong><img loading=\"lazy\" decoding=\"async\" class=\"alignleft wp-image-13311\" src=\"https:\/\/www.afitecol.com\/wp-content\/uploads\/2019\/10\/BaronTV3-1.jpeg\" alt=\"\" width=\"82\" height=\"91\" srcset=\"https:\/\/www.afitecol.com\/wp-content\/uploads\/2019\/10\/BaronTV3-1.jpeg 405w, https:\/\/www.afitecol.com\/wp-content\/uploads\/2019\/10\/BaronTV3-1-272x300.jpeg 272w\" sizes=\"(max-width: 82px) 85vw, 82px\" \/>La hoja filat\u00e9lica<\/strong>. La hoja filat\u00e9lica, numerada, contiene 6 estampillas y lleva como titulo el Logo de la Programadora JB, 50 a\u00f1os 1969 \u2013 2019 y una de las frases en su programa: \u201cAg\u00fcita para mi gente\u201d.<\/p>\n<p><strong><img loading=\"lazy\" decoding=\"async\" class=\"alignleft wp-image-13314\" src=\"https:\/\/www.afitecol.com\/wp-content\/uploads\/2019\/10\/BaronTV4-1.jpeg\" alt=\"\" width=\"82\" height=\"107\" \/>Las estampillas<\/strong>. Las estampillas en tama\u00f1o de 30 x 40 mm, en policrom\u00eda, m\u00e1s una tinta especial fluorescente invisible, en papel Truwhite y goma PVA, tienen un valor facial de $ 5.000.<\/p>\n<p>Las estampillas llevan como imagen el mapa de Colombia, adornado con un pentagrama que lo rodea, el logo de la Programadora Jorge Bar\u00f3n, la referencia a la conmemoraci\u00f3n 50 a\u00f1os 1969 &#8211; 2019 y las expresiones: \u201cEl pa\u00eds que somos\u201d y \u201cEl pa\u00eds que queremos\u201d, todo en diversas tonalidades de color azul.<\/p>\n<p><strong><img loading=\"lazy\" decoding=\"async\" class=\"alignleft wp-image-13315\" src=\"https:\/\/www.afitecol.com\/wp-content\/uploads\/2019\/10\/BaronTV5.jpeg\" alt=\"\" width=\"240\" height=\"127\" srcset=\"https:\/\/www.afitecol.com\/wp-content\/uploads\/2019\/10\/BaronTV5.jpeg 666w, https:\/\/www.afitecol.com\/wp-content\/uploads\/2019\/10\/BaronTV5-300x159.jpeg 300w\" sizes=\"(max-width: 240px) 85vw, 240px\" \/>El sobre de primer d\u00eda<\/strong>. Se imprimieron 480 sobres numerados de primer d\u00eda de servicio. El primer d\u00eda de servicio fue el 15 de octubre de 2019 y fue matasellado en la ciudad de Bogot\u00e1, D.C., Colombia.<\/p>\n","protected":false},"excerpt":{"rendered":"<p>Jorge Eli\u00e9cer Var\u00f3n Ortiz nacido en la ciudad de Ibagu\u00e9, Departamento del Tolima, Colombia, el 29 de junio de 1948 es un empresario y presentador de radio y televisi\u00f3n colombiano, m\u00e1s conocido como Jorge Bar\u00f3n Televisi\u00f3n. Jorge Bar\u00f3n inici\u00f3 sus actividades, en las que se ha destacado desde adolescente, en varias emisoras de Ibagu\u00e9 como &hellip; <a href=\"https:\/\/www.afitecol.com\/?p=13295\" class=\"more-link\">Continuar leyendo<span class=\"screen-reader-text\"> \u00abEmisi\u00f3n postal: \u201cJorge Bar\u00f3n Televisi\u00f3n 50 a\u00f1os 1969 \u2013 2019\u201d\u00bb<\/span><\/a><\/p>\n","protected":false},"author":2,"featured_media":0,"comment_status":"open","ping_status":"closed","sticky":false,"template":"","format":"standard","meta":{"footnotes":""},"categories":[5],"tags":[],"class_list":["post-13295","post","type-post","status-publish","format-standard","hentry","category-emisiones"],"_links":{"self":[{"href":"https:\/\/www.afitecol.com\/index.php?rest_route=\/wp\/v2\/posts\/13295"}],"collection":[{"href":"https:\/\/www.afitecol.com\/index.php?rest_route=\/wp\/v2\/posts"}],"about":[{"href":"https:\/\/www.afitecol.com\/index.php?rest_route=\/wp\/v2\/types\/post"}],"author":[{"embeddable":true,"href":"https:\/\/www.afitecol.com\/index.php?rest_route=\/wp\/v2\/users\/2"}],"replies":[{"embeddable":true,"href":"https:\/\/www.afitecol.com\/index.php?rest_route=%2Fwp%2Fv2%2Fcomments&post=13295"}],"version-history":[{"count":6,"href":"https:\/\/www.afitecol.com\/index.php?rest_route=\/wp\/v2\/posts\/13295\/revisions"}],"predecessor-version":[{"id":14544,"href":"https:\/\/www.afitecol.com\/index.php?rest_route=\/wp\/v2\/posts\/13295\/revisions\/14544"}],"wp:attachment":[{"href":"https:\/\/www.afitecol.com\/index.php?rest_route=%2Fwp%2Fv2%2Fmedia&parent=13295"}],"wp:term":[{"taxonomy":"category","embeddable":true,"href":"https:\/\/www.afitecol.com\/index.php?rest_route=%2Fwp%2Fv2%2Fcategories&post=13295"},{"taxonomy":"post_tag","embeddable":true,"href":"https:\/\/www.afitecol.com\/index.php?rest_route=%2Fwp%2Fv2%2Ftags&post=13295"}],"curies":[{"name":"wp","href":"https:\/\/api.w.org\/{rel}","templated":true}]}}