{"id":13293,"date":"2019-10-21T15:01:16","date_gmt":"2019-10-21T15:01:16","guid":{"rendered":"http:\/\/www.afitecol.com\/?p=13293"},"modified":"2019-10-21T15:01:16","modified_gmt":"2019-10-21T15:01:16","slug":"marca-postal-exposicion-filatelica-nacional-exfilbo-2019-bicentenario-de-la-independencia-de-colombia","status":"publish","type":"post","link":"https:\/\/www.afitecol.com\/?p=13293","title":{"rendered":"Marca postal: \u201cExposici\u00f3n Filat\u00e9lica Nacional EXFILBO 2019 Bicentenario de la Independencia de Colombia\u201d"},"content":{"rendered":"<p><img loading=\"lazy\" decoding=\"async\" class=\"alignleft wp-image-13299\" src=\"https:\/\/www.afitecol.com\/wp-content\/uploads\/2019\/10\/MPExfilbo19.jpeg\" alt=\"\" width=\"285\" height=\"153\" srcset=\"https:\/\/www.afitecol.com\/wp-content\/uploads\/2019\/10\/MPExfilbo19.jpeg 670w, https:\/\/www.afitecol.com\/wp-content\/uploads\/2019\/10\/MPExfilbo19-300x161.jpeg 300w\" sizes=\"(max-width: 285px) 85vw, 285px\" \/>Entre el 7 y el 18 de octubre de 2019 se desarroll\u00f3 en la ciudad de Bogot\u00e1, D. C., Colombia la <strong>\u201cLa Exposici\u00f3n Filat\u00e9lica Nacional EXFILBO 2019 Bicentenario de la Independencia de Colombia\u201d.<\/strong><\/p>\n<p>El Gobierno de Colombia, por intermedio de Servicios Postales Nacionales 4-72 y para conmemorar este evento filat\u00e9lico autoriz\u00f3 una <strong>Marca Postal<\/strong> relacionada con la Exposici\u00f3n.<\/p>\n<p><strong>Acto Protocolario<\/strong>. El acto protocolario de lanzamiento de la Marca Postal <strong>\u201cExposici\u00f3n Filat\u00e9lica Nacional EXFILBO 2019 Bicentenario de la Independencia de Colombia\u201d<\/strong>, tuvo lugar el 11 de octubre de 2019, en la sede de la Exposici\u00f3n El Archivo Distrital de Bogot\u00e1, en la ciudad de Bogot\u00e1, D.C., Colombia, con la presencia de Directivos del Club Filat\u00e9lico de Bogot\u00e1, representantes de 4-72 La Red Postal de Colombia y de los filatelistas autores de las colecciones de la exposici\u00f3n.<\/p>\n<p><strong>La marca postal.<\/strong> La Marca Postal est\u00e1 estampada en un sobre especial conmemorativo de este suceso con una estampilla impresa en el sobre con elementos alusivos al Bicentenario de la Independencia de Colombia y a los 160 a\u00f1os de la Primera Emisi\u00f3n Postal de Colombia.<\/p>\n<p>El texto del matasello dice: Servicios Postales Nacionales 4-72. Octubre 7 al 18 de 2019, Bogot\u00e1, D.C., Marca Postal &#8211; <strong>EXFILBO 2019 Bicentenario de la Independencia de Colombia y 160 a\u00f1os Primera Exposici\u00f3n Postal de Colombia 1859 \u2013 2019.<\/strong><\/p>\n<p><strong>Palmar\u00e9s<\/strong><\/p>\n<p>El Palmar\u00e9s, o sea la lista de ganadores en EXFILBO 2019 Bicentenario de la Independencia de Colombia, fue anunciada el 11 de octubre de 2019 en un acto especial. En la lista de ganadores se indica el nombre del filatelista, el t\u00edtulo de la colecci\u00f3n, entre par\u00e9ntesis, y en negrilla la Categor\u00eda de competici\u00f3n.<\/p>\n<p><strong>ORO DE HONOR\u00a0<\/strong>Juli\u00e1n Silva (Vi\u00f1etas de valor declarado). <strong>Tradicional.\u00a0 <\/strong>Augusto Peinado (Estados Unidos). <strong>Tradicional. <\/strong>Arist\u00f3bulo Valderrama (Philatelic Archeology Colombian 1865 \u2013 1866). <strong>Tradicional. <\/strong>\u00c1lvaro Montoya (Masoner\u00eda en la Independencia de Colombia). <strong>Tem\u00e1tica.\u00a0 <\/strong>Amparo Bernal de Carvajal (Los 90 a\u00f1os de Cine Colombia). <strong>Tem\u00e1tica. <\/strong>\u00c1lvaro Erazo (Caf\u00e9 de Colombia). <strong>Tem\u00e1tica.\u00a0 <\/strong>Augusto Peinado (Sim\u00f3n Bol\u00edvar). <strong>Tem\u00e1tica.\u00a0 <\/strong>V\u00edctor Manuel Lozano (50 a\u00f1os de la llegada del hombre a la luna). <strong>Tem\u00e1tica.\u00a0 <\/strong>V\u00edctor Manuel Lozano (Bicentenario de la Batalla de Boyac\u00e1). <strong>Tem\u00e1tica.\u00a0 <\/strong>Rolf Alvers (Comunicaciones del exterior a la Presidencia y a la Procuradur\u00eda que nunca llegaron). <strong>Moderna.\u00a0 <\/strong>Jairo Antonio Romero (De lo Sagrado a lo Profano). <strong>Un Marco.<\/strong><\/p>\n<p><strong>ORO GRANDE .\u00a0<\/strong>Ricardo Botero (Antioquia- The first issues 1868 \u2013 188). <strong>Tradicional. <\/strong>Manuel Arango (Cruz Roja Colombiana). <strong>Tradicional.\u00a0 <\/strong>Bruce Olson (Colombia Cl\u00e1sica. S\u00e9ptima Emisi\u00f3n: Escudos 1865 . 1866). <strong>Tradicional.\u00a0 <\/strong>Georg Maier (Postal History of the Audiencia de Quito 1969 \u2013 1822). <strong>Historia Postal.\u00a0 <\/strong>Alfredo Frohlich (Colombia . Postal history of the forwarding agents). <strong>Historia Postal.\u00a0 <\/strong>Dar\u00edo Diez (Las Oficinas en la Carrera General de Cartagena a T\u00faquerres 1770 \u2013 1859). <strong>Historia Postal.\u00a0 <\/strong>Alfredo Frohlich (Scadta Ecuador Airmail 1928 \u2013 1930). <strong>Aerofilatelia.<\/strong><\/p>\n<p><strong>ORO .\u00a0<\/strong>V\u00edctor Baena (Errores y Variedades en la Filatelia Colombiana). <strong>Tradicional.\u00a0 <\/strong>Felipe Toro (Colombia, Correo Oficial). <strong>Tradicional.\u00a0 <\/strong>Gian Marco Caruso (Scadta). <strong>Aerofilatelia.\u00a0 <\/strong>Bernal Beston (Ecuador \u2013 Papel sellado 1638 \u2013 1884). <strong>Filatelia Fiscal<\/strong>.\u00a0 Stefan Meiller (Ecuador: Correo oficial de Quito 1836 \u2013 1947). <strong>Un Marco.<\/strong><\/p>\n<p><strong>VERMEIL GRANDE .\u00a0<\/strong>Andr\u00e9s Mendoza (Colombia: cancelaciones). <strong>Tradicional.\u00a0 <\/strong>Alfonso Carrillo ((Ecuador; Correo oficial al interior del pa\u00eds). <strong>Un Marco.\u00a0 <\/strong>Carlos Segundo Benirez (Ecuador. Errores tipo y variedades \u2013 Primer Centenario). <strong>Un Marco.<\/strong><\/p>\n<p><strong>PLATA GRANDE .\u00a0<\/strong>Juan Jos\u00e9 Restrepo (Salvando obst\u00e1culos: Los puentes). <strong>Tem\u00e1tica.\u00a0 <\/strong>Juan Manuel Moreno (La maravillosa piedra: La Esmeralda). <strong>Tem\u00e1tica.<\/strong><\/p>\n<p><strong>PLATA .\u00a0<\/strong>Azucena Vel\u00e1squez (En las buenas y en las malas: El perro). <strong>Tem\u00e1tica.<\/strong><\/p>\n<p><strong>AFITECOL felicita a todos los filatelistas que participaron en la Exposici\u00f3n Filat\u00e9lica Nacional EXFILBO 2019.<\/strong><\/p>\n<p>&nbsp;<\/p>\n","protected":false},"excerpt":{"rendered":"<p>Entre el 7 y el 18 de octubre de 2019 se desarroll\u00f3 en la ciudad de Bogot\u00e1, D. C., Colombia la \u201cLa Exposici\u00f3n Filat\u00e9lica Nacional EXFILBO 2019 Bicentenario de la Independencia de Colombia\u201d. El Gobierno de Colombia, por intermedio de Servicios Postales Nacionales 4-72 y para conmemorar este evento filat\u00e9lico autoriz\u00f3 una Marca Postal relacionada &hellip; <a href=\"https:\/\/www.afitecol.com\/?p=13293\" class=\"more-link\">Continuar leyendo<span class=\"screen-reader-text\"> \u00abMarca postal: \u201cExposici\u00f3n Filat\u00e9lica Nacional EXFILBO 2019 Bicentenario de la Independencia de Colombia\u201d\u00bb<\/span><\/a><\/p>\n","protected":false},"author":2,"featured_media":0,"comment_status":"open","ping_status":"closed","sticky":false,"template":"","format":"standard","meta":{"footnotes":""},"categories":[13],"tags":[],"class_list":["post-13293","post","type-post","status-publish","format-standard","hentry","category-marcas"],"_links":{"self":[{"href":"https:\/\/www.afitecol.com\/index.php?rest_route=\/wp\/v2\/posts\/13293"}],"collection":[{"href":"https:\/\/www.afitecol.com\/index.php?rest_route=\/wp\/v2\/posts"}],"about":[{"href":"https:\/\/www.afitecol.com\/index.php?rest_route=\/wp\/v2\/types\/post"}],"author":[{"embeddable":true,"href":"https:\/\/www.afitecol.com\/index.php?rest_route=\/wp\/v2\/users\/2"}],"replies":[{"embeddable":true,"href":"https:\/\/www.afitecol.com\/index.php?rest_route=%2Fwp%2Fv2%2Fcomments&post=13293"}],"version-history":[{"count":5,"href":"https:\/\/www.afitecol.com\/index.php?rest_route=\/wp\/v2\/posts\/13293\/revisions"}],"predecessor-version":[{"id":13300,"href":"https:\/\/www.afitecol.com\/index.php?rest_route=\/wp\/v2\/posts\/13293\/revisions\/13300"}],"wp:attachment":[{"href":"https:\/\/www.afitecol.com\/index.php?rest_route=%2Fwp%2Fv2%2Fmedia&parent=13293"}],"wp:term":[{"taxonomy":"category","embeddable":true,"href":"https:\/\/www.afitecol.com\/index.php?rest_route=%2Fwp%2Fv2%2Fcategories&post=13293"},{"taxonomy":"post_tag","embeddable":true,"href":"https:\/\/www.afitecol.com\/index.php?rest_route=%2Fwp%2Fv2%2Ftags&post=13293"}],"curies":[{"name":"wp","href":"https:\/\/api.w.org\/{rel}","templated":true}]}}