{"id":1327,"date":"2009-07-03T15:36:28","date_gmt":"2009-07-03T13:36:28","guid":{"rendered":"http:\/\/www.afitecol.com\/?p=1327"},"modified":"2018-05-01T15:42:40","modified_gmt":"2018-05-01T15:42:40","slug":"emision-upaep-2008-continuacion","status":"publish","type":"post","link":"https:\/\/www.afitecol.com\/?p=1327","title":{"rendered":"Emisi\u00f3n postal: \u00abAm\u00e9rica UPAEP 2008: Fiestas Nacionales (II)\u00bb"},"content":{"rendered":"<p><strong>Am\u00e9rica UPAEP 2008: Fiestas Nacionales (II)<\/strong><\/p>\n<p>El pasado 17 de marzo de 2009 Afitecol public\u00f3 en la Categor\u00eda de Emisiones Colombianas, lo relacionado con la Emisi\u00f3n UPAEP: <a href=\"https:\/\/www.afitecol.com\/?p=837\" target=\"_blank\">Fiestas Nacionales<\/a> (I).<br \/>\nEsta emisi\u00f3n, que deb\u00eda haberse cumplido alrededor del 12 de octubre de 2008, en conmemoraci\u00f3n del D\u00eda de la Raza, seg\u00fan lo convenido en UPAEP, Uni\u00f3n Postal de las Am\u00e9ricas, Espa\u00f1a y Portugal, se hizo el 29 de Diciembre de 2008, esto es casi tres meses despu\u00e9s.<br \/>\nLa emisi\u00f3n estuvo conformada por dos estampillas con los temas Independencia de Cartagena e Independencia Nacional de Colombia, quedando pendiente tanto el Acto Protocolario como la emisi\u00f3n de los sobres de primer d\u00eda de servicio.<br \/>\nEl 6 de Abril de 2009 Afitecol abri\u00f3 un <a href=\"https:\/\/www.afitecol.com\/?p=934\" target=\"_blank\">debate<\/a> para conocer cu\u00e1l habr\u00eda sido la idea principal de UPAEP para determinar el tema principal para el a\u00f1o 2008, debido a que Colombia desarroll\u00f3 el tema de las fiestas nacionales patrias, siendo que la mayor\u00eda de los pa\u00edses miembros de UPAEP lo hab\u00edan hecho sobre las fiestas nacionales tradicionales.<\/p>\n<p><strong>Acto Protocolario<\/strong><br \/>\n<a href=\"https:\/\/www.afitecol.com\/wp-content\/uploads\/2009\/07\/emisionupaep2008cara1a.jpg\"><img loading=\"lazy\" decoding=\"async\" class=\"alignleft size-medium wp-image-1331\" style=\"border: 1px solid black; margin: 5px;\" title=\"emisionupaep2008cara1a\" src=\"https:\/\/www.afitecol.com\/wp-content\/uploads\/2009\/07\/emisionupaep2008cara1a-229x300.jpg\" alt=\"\" width=\"150\" height=\"198\" \/><\/a>El 25 de Junio de 2009, esto es seis meses despu\u00e9s del lanzamiento de las dos<a href=\"https:\/\/www.afitecol.com\/wp-content\/uploads\/2009\/07\/emisionupaep2088contracara1.jpg\"><img loading=\"lazy\" decoding=\"async\" class=\"alignright size-medium wp-image-1332\" style=\"border: 1px solid black; margin: 5px;\" title=\"emisionupaep2088contracara1\" src=\"https:\/\/www.afitecol.com\/wp-content\/uploads\/2009\/07\/emisionupaep2088contracara1-229x300.jpg\" alt=\"\" width=\"150\" height=\"198\" \/><\/a> estampillas y nueve meses despu\u00e9s de cuando debieron aparecer, como lo hemos dicho seg\u00fan lo convenido en la Uni\u00f3n Postal de las Am\u00e9ricas, Espa\u00f1a y Portugal, UPAEP, se llev\u00f3 a cabo el Acto Protocolario de la presentaci\u00f3n de la Emisi\u00f3n postal Am\u00e9rica UPAEP 2008 \u201cFiestas Nacionales\u201d, seg\u00fan el texto de la Invitaci\u00f3n al acto de lanzamiento.<\/p>\n<p>El acto de lanzamiento, que tuvo lugar en el Sal\u00f3n de Conferencias de la Casa de Nari\u00f1o, en Bogot\u00e1, Colombia, estuvo presidido por la Primera Dama de la Naci\u00f3n Se\u00f1ora Lina Moreno de Uribe, de la Ministra de Comunicaciones Mar\u00eda del Rosario Guerra y de los Directivos de Servicios Postales Nacionales.<\/p>\n<p><strong>Sobres de primer d\u00eda<\/strong>:\u00a0 se emitieron dos sobres de primer d\u00eda de servicio, uno por cada uno de los motivos:<\/p>\n<p><a href=\"https:\/\/www.afitecol.com\/wp-content\/uploads\/2009\/07\/emisionupaep2008sobreb1.jpg\"><img loading=\"lazy\" decoding=\"async\" class=\"alignleft size-medium wp-image-1334\" style=\"border: 1px solid black; margin: 5px;\" title=\"emisionupaep2008sobreb1\" src=\"https:\/\/www.afitecol.com\/wp-content\/uploads\/2009\/07\/emisionupaep2008sobreb1-300x158.jpg\" alt=\"\" width=\"120\" height=\"62\" \/><\/a><strong>Sobre de Primer D\u00eda<\/strong>: Independencia Absoluta de Cartagena 11 de noviembre de 1811. Fue matasellado en la ciudad de Bogot\u00e1, D. C., el 29 de diciembre de 2008.<\/p>\n<p><a href=\"https:\/\/www.afitecol.com\/wp-content\/uploads\/2009\/07\/emisionupaep2008sobrea1.jpg\"><img loading=\"lazy\" decoding=\"async\" class=\"alignleft size-medium wp-image-1335\" style=\"border: 1px solid black; margin: 5px;\" title=\"emisionupaep2008sobrea1\" src=\"https:\/\/www.afitecol.com\/wp-content\/uploads\/2009\/07\/emisionupaep2008sobrea1-300x158.jpg\" alt=\"\" width=\"120\" height=\"62\" \/><\/a><strong>Sobre de Primer D\u00eda<\/strong>: Independencia Nacional 20 de julio de 1810. Fue matasellado en la ciudad de Bogot\u00e1, D. C., el 29 de diciembre de 2008.<\/p>\n<p>Los filatelistas tem\u00e1ticos esperamos que para este a\u00f1o 2009, se tenga en cuenta en primer lugar la fecha acordada para la emisi\u00f3n y en segundo lugar la tem\u00e1tica, que se ha definido con m\u00e1s de tres a\u00f1os de anticipaci\u00f3n, esto es relacionada con los <a href=\"https:\/\/www.afitecol.com\/?p=934\" target=\"_blank\">Juegos tradicionales<\/a>.<\/p>\n","protected":false},"excerpt":{"rendered":"<p>Am\u00e9rica UPAEP 2008: Fiestas Nacionales (II) El pasado 17 de marzo de 2009 Afitecol public\u00f3 en la Categor\u00eda de Emisiones Colombianas, lo relacionado con la Emisi\u00f3n UPAEP: Fiestas Nacionales (I). Esta emisi\u00f3n, que deb\u00eda haberse cumplido alrededor del 12 de octubre de 2008, en conmemoraci\u00f3n del D\u00eda de la Raza, seg\u00fan lo convenido en UPAEP, &hellip; <a href=\"https:\/\/www.afitecol.com\/?p=1327\" class=\"more-link\">Continuar leyendo<span class=\"screen-reader-text\"> \u00abEmisi\u00f3n postal: \u00abAm\u00e9rica UPAEP 2008: Fiestas Nacionales (II)\u00bb\u00bb<\/span><\/a><\/p>\n","protected":false},"author":2,"featured_media":0,"comment_status":"open","ping_status":"closed","sticky":false,"template":"","format":"standard","meta":{"footnotes":""},"categories":[5],"tags":[],"class_list":["post-1327","post","type-post","status-publish","format-standard","hentry","category-emisiones"],"_links":{"self":[{"href":"https:\/\/www.afitecol.com\/index.php?rest_route=\/wp\/v2\/posts\/1327"}],"collection":[{"href":"https:\/\/www.afitecol.com\/index.php?rest_route=\/wp\/v2\/posts"}],"about":[{"href":"https:\/\/www.afitecol.com\/index.php?rest_route=\/wp\/v2\/types\/post"}],"author":[{"embeddable":true,"href":"https:\/\/www.afitecol.com\/index.php?rest_route=\/wp\/v2\/users\/2"}],"replies":[{"embeddable":true,"href":"https:\/\/www.afitecol.com\/index.php?rest_route=%2Fwp%2Fv2%2Fcomments&post=1327"}],"version-history":[{"count":20,"href":"https:\/\/www.afitecol.com\/index.php?rest_route=\/wp\/v2\/posts\/1327\/revisions"}],"predecessor-version":[{"id":12013,"href":"https:\/\/www.afitecol.com\/index.php?rest_route=\/wp\/v2\/posts\/1327\/revisions\/12013"}],"wp:attachment":[{"href":"https:\/\/www.afitecol.com\/index.php?rest_route=%2Fwp%2Fv2%2Fmedia&parent=1327"}],"wp:term":[{"taxonomy":"category","embeddable":true,"href":"https:\/\/www.afitecol.com\/index.php?rest_route=%2Fwp%2Fv2%2Fcategories&post=1327"},{"taxonomy":"post_tag","embeddable":true,"href":"https:\/\/www.afitecol.com\/index.php?rest_route=%2Fwp%2Fv2%2Ftags&post=1327"}],"curies":[{"name":"wp","href":"https:\/\/api.w.org\/{rel}","templated":true}]}}