{"id":13145,"date":"2019-07-26T23:37:20","date_gmt":"2019-07-26T23:37:20","guid":{"rendered":"http:\/\/www.afitecol.com\/?p=13145"},"modified":"2019-07-26T23:37:20","modified_gmt":"2019-07-26T23:37:20","slug":"emision-postal-%e2%80%9c51-torneo-internacional-del-joropo-%e2%80%93-miguel-angel-martin","status":"publish","type":"post","link":"https:\/\/www.afitecol.com\/?p=13145","title":{"rendered":"Emisi\u00f3n postal: \u201c51 Torneo Internacional del Joropo \u2013 Miguel \u00c1ngel Mart\u00edn\u00bb"},"content":{"rendered":"<p><a href=\"https:\/\/www.afitecol.com\/wp-content\/uploads\/2019\/07\/Joropo1.jpeg\" target=\"_blank\"><img loading=\"lazy\" decoding=\"async\" class=\"alignnone size-full wp-image-13147\" style=\"border: 0px; margin: 5px;\" title=\"Joropo1\" src=\"https:\/\/www.afitecol.com\/wp-content\/uploads\/2019\/07\/Joropo1.jpeg\" alt=\"Joropo1\" width=\"82\" height=\"107\" srcset=\"https:\/\/www.afitecol.com\/wp-content\/uploads\/2019\/07\/Joropo1.jpeg 633w, https:\/\/www.afitecol.com\/wp-content\/uploads\/2019\/07\/Joropo1-229x300.jpg 229w\" sizes=\"(max-width: 82px) 85vw, 82px\" \/><\/a> . <a href=\"https:\/\/www.afitecol.com\/wp-content\/uploads\/2019\/07\/Joropo2.jpeg\" target=\"_blank\"><img loading=\"lazy\" decoding=\"async\" class=\"alignnone size-full wp-image-13148\" style=\"border: 0px; margin: 5px;\" title=\"Joropo2\" src=\"https:\/\/www.afitecol.com\/wp-content\/uploads\/2019\/07\/Joropo2.jpeg\" alt=\"Joropo2\" width=\"82\" height=\"107\" srcset=\"https:\/\/www.afitecol.com\/wp-content\/uploads\/2019\/07\/Joropo2.jpeg 633w, https:\/\/www.afitecol.com\/wp-content\/uploads\/2019\/07\/Joropo2-229x300.jpg 229w\" sizes=\"(max-width: 82px) 85vw, 82px\" \/><\/a>El <strong>Joropo<\/strong> es un g\u00e9nero musical y danza tradicional de Colombia y Venezuela y el Torneo Internacional del Joropo es una de las fiestas m\u00e1s grandes e imponentes que se celebran en el llano colombiano.<\/p>\n<p>El <strong>Torneo del Joropo<\/strong> tiene su primera versi\u00f3n en el a\u00f1o de 1965 cuando el gobernador del departamento del Meta en ese entonces, junto al maestro y compositor <strong>Miguel \u00c1ngel Mart\u00edn<\/strong>, decidieron celebrar el aniversario del departamento del Meta con una actividad: El primer Torneo del Joropo, el cual m\u00e1s tarde el Torneo se institucionaliz\u00f3 como internacional.<\/p>\n<p>El Meta fue erigido como departamento, mediante la ley 118 del 16 de diciembre de 1959, constituy\u00e9ndose en el decimos\u00e9ptimo de Colombia a partir de 1 de julio de 1960.<\/p>\n<p>Cada a\u00f1o se dan cita en Villavicencio los m\u00e1s destacados int\u00e9rpretes de la m\u00fasica llanera de Colombia y Venezuela en calidad de artistas invitados o como participantes a los concursos convocados en la modalidad de int\u00e9rpretes, compositores o bailadores de la m\u00fasica tradicional llanera.<\/p>\n<p>Uno de los pilares del evento, es la enorme riqueza musical que rodea toda la cultura llanera. De ah\u00ed la importancia de diversos espacios para los mejores representantes de la m\u00fasica aut\u00f3ctona. La variedad musical es tan amplia que los artistas se han ido clasificando en distintas modalidades como bailarines, compositores e int\u00e9rpretes. Estos \u00faltimos se clasifican de acuerdo al instrumento que interpretan como puede ser arpa, bandola, cuatro, maracas o voz.<\/p>\n<p>El <strong>homenajeado <\/strong>de este a\u00f1o es el maestro <strong>Walter Silva<\/strong>, nacido en La Plata \u2013 Pore, Departamento del Casanare, int\u00e9rprete de m\u00fasica llanera, por la influencia de su entorno y la m\u00fasica de los cantores de la \u00e9poca. El maestro <strong>Walter Silva<\/strong> ha labrado una extensa carrera art\u00edstica de 25 a\u00f1os de trayectoria, muchos \u00e9xitos y reconocimientos teniendo como una de sus mayores fortalezas la capacidad de composici\u00f3n e interpretaci\u00f3n del joropo tradicional,<\/p>\n<p>Seg\u00fan los organizadores, esta es la oportunidad perfecta para conmemorar y celebrar el <strong>Bicentenario de la Independencia de Colombia<\/strong>: \u201cRecordando y enalteciendo la importancia del llanero en la gesta libertadora, y papel crucial que jugo la geograf\u00eda colombo venezolana en los hechos que marcaron el nacimiento de la Rep\u00fablica Independiente de la Nueva Granada\u201d.<\/p>\n<p>El gobierno de Colombia se une a este reconocimiento al Maestro Walter Silva y por intermedio del Ministerio de Tecnolog\u00edas de la Informaci\u00f3n y las Comunicaciones autoriz\u00f3 la emisi\u00f3n postal <strong>\u201c51 Torneo Internacional del Joropo \u2013 Miguel \u00c1ngel Mart\u00edn\u00bb<\/strong>, emisi\u00f3n autorizada mediante Resoluci\u00f3n N\u00ba 1405 del 10 de junio de 2019.<\/p>\n<p><strong>El acto Protocolario<\/strong>. El acto protocolario del lanzamiento de la emisi\u00f3n postal <strong>\u201c51 Torneo Internacional del Joropo \u2013 Miguel \u00c1ngel Mart\u00edn\u00bb<\/strong> se realiz\u00f3 dentro de los eventos acad\u00e9micos del Torneo Internacional del Joropo, en la ciudad de Villavicencio, departamento del Meta, con la presencia de autoridades del departamento del Meta, delgados de 4-72 La Red Postal de Colombia y de invitados especiales.<\/p>\n<p><strong>La emisi\u00f3n<\/strong>. La Emisi\u00f3n postal: <strong>\u201c51 Torneo Internacional del Joropo \u2013 Miguel \u00c1ngel Mart\u00edn\u00bb<\/strong> consta de 5.438 hojas bloque, para un total de 21.752 estampillas. La emisi\u00f3n postal contiene adem\u00e1s la carpeta, el bolet\u00edn informativo y el sobre de primer d\u00eda.<\/p>\n<p><strong><a href=\"https:\/\/www.afitecol.com\/wp-content\/uploads\/2019\/07\/Joropo3.jpeg\" target=\"_blank\"><img loading=\"lazy\" decoding=\"async\" class=\"alignnone size-full wp-image-13150\" style=\"border: 0px; margin: 5px;\" title=\"Joropo3\" src=\"https:\/\/www.afitecol.com\/wp-content\/uploads\/2019\/07\/Joropo3.jpeg\" alt=\"Joropo3\" width=\"79\" height=\"102\" srcset=\"https:\/\/www.afitecol.com\/wp-content\/uploads\/2019\/07\/Joropo3.jpeg 364w, https:\/\/www.afitecol.com\/wp-content\/uploads\/2019\/07\/Joropo3-230x300.jpg 230w\" sizes=\"(max-width: 79px) 85vw, 79px\" \/><\/a>La hoja bloque<\/strong>. La hoja bloque, numerada, est\u00e1 compuesta por 4 estampillas. En la parte superior de la hoja bloque lleva como t\u00edtulo de la emisi\u00f3n postal, adornada con la figura de dos llaneros en sus cabalgaduras con los colores del tricolor nacional y la leyenda Colombia 200 a\u00f1os.<\/p>\n<p><strong><a href=\"https:\/\/www.afitecol.com\/wp-content\/uploads\/2019\/07\/Joropo4.jpeg\" target=\"_blank\"><img loading=\"lazy\" decoding=\"async\" class=\"alignnone size-full wp-image-13151\" style=\"border: 0px; margin: 5px;\" title=\"Joropo4\" src=\"https:\/\/www.afitecol.com\/wp-content\/uploads\/2019\/07\/Joropo4.jpeg\" alt=\"Joropo4\" width=\"78\" height=\"101\" \/><\/a>Las estampillas<\/strong>. Las estampillas en tama\u00f1o de 30 x 40 mm, en policrom\u00eda, m\u00e1s una tinta especial fluorescente invisible, en papel Truwhite y goma PVA tienen un valor facial de $ 2.000.<\/p>\n<p>En la imagen de la estampilla aparece la fotograf\u00eda de Walter Silva acompa\u00f1ado de un caballo s\u00edmbolo del llanero y del trabajo del llano, y un fondo con la representaci\u00f3n de episodios de la campa\u00f1a libertadora y de los llaneros al mando del coronel Juan Jos\u00e9 Rond\u00f3n.<\/p>\n<p>La diagramaci\u00f3n estuvo a cargo de Diego Fernando Robayo.<\/p>\n<p><strong><a href=\"https:\/\/www.afitecol.com\/wp-content\/uploads\/2019\/07\/Joropo5.jpeg\" target=\"_blank\"><img loading=\"lazy\" decoding=\"async\" class=\"alignnone size-full wp-image-13152\" style=\"border: 0px; margin: 5px;\" title=\"Joropo5\" src=\"https:\/\/www.afitecol.com\/wp-content\/uploads\/2019\/07\/Joropo5.jpeg\" alt=\"Joropo5\" width=\"143\" height=\"76\" srcset=\"https:\/\/www.afitecol.com\/wp-content\/uploads\/2019\/07\/Joropo5.jpeg 661w, https:\/\/www.afitecol.com\/wp-content\/uploads\/2019\/07\/Joropo5-300x160.jpg 300w\" sizes=\"(max-width: 143px) 85vw, 143px\" \/><\/a>El sobre de primer d\u00eda<\/strong>. Se imprimieron 600 sobres numerados de primer d\u00eda. El primer d\u00eda de servicio fue el 28 de junio de 2019 y matasellado en la ciudad de Villavicencio, Departamento del Meta, Colombia.<\/p>\n","protected":false},"excerpt":{"rendered":"<p>. El Joropo es un g\u00e9nero musical y danza tradicional de Colombia y Venezuela y el Torneo Internacional del Joropo es una de las fiestas m\u00e1s grandes e imponentes que se celebran en el llano colombiano. El Torneo del Joropo tiene su primera versi\u00f3n en el a\u00f1o de 1965 cuando el gobernador del departamento del &hellip; <a href=\"https:\/\/www.afitecol.com\/?p=13145\" class=\"more-link\">Continuar leyendo<span class=\"screen-reader-text\"> \u00abEmisi\u00f3n postal: \u201c51 Torneo Internacional del Joropo \u2013 Miguel \u00c1ngel Mart\u00edn\u00bb\u00bb<\/span><\/a><\/p>\n","protected":false},"author":2,"featured_media":0,"comment_status":"open","ping_status":"closed","sticky":false,"template":"","format":"standard","meta":{"footnotes":""},"categories":[5],"tags":[],"class_list":["post-13145","post","type-post","status-publish","format-standard","hentry","category-emisiones"],"_links":{"self":[{"href":"https:\/\/www.afitecol.com\/index.php?rest_route=\/wp\/v2\/posts\/13145"}],"collection":[{"href":"https:\/\/www.afitecol.com\/index.php?rest_route=\/wp\/v2\/posts"}],"about":[{"href":"https:\/\/www.afitecol.com\/index.php?rest_route=\/wp\/v2\/types\/post"}],"author":[{"embeddable":true,"href":"https:\/\/www.afitecol.com\/index.php?rest_route=\/wp\/v2\/users\/2"}],"replies":[{"embeddable":true,"href":"https:\/\/www.afitecol.com\/index.php?rest_route=%2Fwp%2Fv2%2Fcomments&post=13145"}],"version-history":[{"count":6,"href":"https:\/\/www.afitecol.com\/index.php?rest_route=\/wp\/v2\/posts\/13145\/revisions"}],"predecessor-version":[{"id":13156,"href":"https:\/\/www.afitecol.com\/index.php?rest_route=\/wp\/v2\/posts\/13145\/revisions\/13156"}],"wp:attachment":[{"href":"https:\/\/www.afitecol.com\/index.php?rest_route=%2Fwp%2Fv2%2Fmedia&parent=13145"}],"wp:term":[{"taxonomy":"category","embeddable":true,"href":"https:\/\/www.afitecol.com\/index.php?rest_route=%2Fwp%2Fv2%2Fcategories&post=13145"},{"taxonomy":"post_tag","embeddable":true,"href":"https:\/\/www.afitecol.com\/index.php?rest_route=%2Fwp%2Fv2%2Ftags&post=13145"}],"curies":[{"name":"wp","href":"https:\/\/api.w.org\/{rel}","templated":true}]}}