{"id":12761,"date":"2018-12-20T20:55:36","date_gmt":"2018-12-20T20:55:36","guid":{"rendered":"http:\/\/www.afitecol.com\/?p=12761"},"modified":"2019-03-02T16:04:27","modified_gmt":"2019-03-02T16:04:27","slug":"emision-postal-%e2%80%9chistoria-del-senor-de-los-milagros-de-buga%e2%80%9d","status":"publish","type":"post","link":"https:\/\/www.afitecol.com\/?p=12761","title":{"rendered":"Emisi\u00f3n postal: \u201cHistoria del Se\u00f1or de los Milagros de Buga\u201d"},"content":{"rendered":"<p><a href=\"https:\/\/www.afitecol.com\/wp-content\/uploads\/2018\/12\/MilagrosA-784x1024.jpg\" target=\"_blank\"><img loading=\"lazy\" decoding=\"async\" class=\"alignnone size-large wp-image-12763\" style=\"border: 0px; margin: 5px;\" title=\"MilagrosA\" src=\"https:\/\/www.afitecol.com\/wp-content\/uploads\/2018\/12\/MilagrosA-784x1024.jpg\" alt=\"MilagrosA\" width=\"101\" height=\"133\" srcset=\"https:\/\/www.afitecol.com\/wp-content\/uploads\/2018\/12\/MilagrosA-784x1024.jpg 784w, https:\/\/www.afitecol.com\/wp-content\/uploads\/2018\/12\/MilagrosA-229x300.jpg 229w, https:\/\/www.afitecol.com\/wp-content\/uploads\/2018\/12\/MilagrosA.jpeg 837w\" sizes=\"(max-width: 101px) 85vw, 101px\" \/><\/a> <a href=\"https:\/\/www.afitecol.com\/wp-content\/uploads\/2018\/12\/MilagrosB-784x1024.jpg\" target=\"_blank\"><img loading=\"lazy\" decoding=\"async\" class=\"alignnone size-large wp-image-12764\" style=\"border: 0px; margin: 5px;\" title=\"MilagrosB\" src=\"https:\/\/www.afitecol.com\/wp-content\/uploads\/2018\/12\/MilagrosB-784x1024.jpg\" alt=\"MilagrosB\" width=\"101\" height=\"133\" srcset=\"https:\/\/www.afitecol.com\/wp-content\/uploads\/2018\/12\/MilagrosB-784x1024.jpg 784w, https:\/\/www.afitecol.com\/wp-content\/uploads\/2018\/12\/MilagrosB-229x300.jpg 229w, https:\/\/www.afitecol.com\/wp-content\/uploads\/2018\/12\/MilagrosB.jpeg 837w\" sizes=\"(max-width: 101px) 85vw, 101px\" \/><\/a>El <strong>Se\u00f1or de los Milagros de Buga<\/strong> es una imagen, cuya creaci\u00f3n data del siglo XVI, de estilo colonial, tallada en madera y con una altura de 1.33 metros, que se encuentra en lo que hoy es la <strong>Bas\u00edlica Menor del Se\u00f1or de los Milagros de Buga<\/strong>, en la Ciudad Se\u00f1ora, cuyo nombre oficial es Guadalajara de Buga, localizada en el departamento del Valle del Cauca, Colombia.<\/p>\n<p>La primera piedra de la construcci\u00f3n del actual templo se coloc\u00f3 por all\u00e1 en 1892 y fue  bendecida por el arzobispo de Popay\u00e1n de esa \u00e9poca y con la presencia de <strong>Rafael N\u00fa\u00f1ez<\/strong>, entonces Presidente de los Estados Unidos de Colombia.<\/p>\n<p>El templo fue inaugurado el <strong>2 de agosto de 1907<\/strong>, y desde esa \u00e9poca permanece all\u00ed el <strong>Se\u00f1or de los Milagros de Buga<\/strong>, que fue trasladado desde la antigua Ermita donde estaba antes. El pasado 2 de agosto de 2017 se cumplieron <strong>110 a\u00f1os<\/strong> de la inauguraci\u00f3n de la <strong>Bas\u00edlica Menor<\/strong>.<\/p>\n<p>El templo que tiene 33 m de altura y 80 m de largo, y posee un reloj franc\u00e9s instalado el 18 de marzo de 1909, recibi\u00f3 el t\u00edtulo de <strong>Bas\u00edlica Menor <\/strong>el 23 de junio de 1937, t\u00edtulo que fue otorgado por el Papa P\u00edo XI.<\/p>\n<p>Para celebrar las <strong>Fiestas de las Rogativas 2018<\/strong>, fiestas que solo se celebran cada siete a\u00f1os, \u00e9poca en la cual se baja de su camar\u00edn \u00a0la imagen del <strong>Se\u00f1or de los Milagros de Buga<\/strong>, el Gobierno Nacional se uni\u00f3 a este acontecimiento con una emisi\u00f3n postal denominada <strong>\u201cHistoria del Se\u00f1or de los Milagros de Buga\u201d<\/strong>, por intermedio del Ministerio de Tecnolog\u00edas de la Informaci\u00f3n y las Comunicaciones aprobado mediante la Resoluci\u00f3n N\u00ba 3038 del 26 de octubre de 2018.<\/p>\n<p><strong>Acto protocolario<\/strong>. El acto protocolario de lanzamiento de la Emisi\u00f3n postal: <strong>\u201cHistoria del Se\u00f1or de los Milagros de Buga\u201d<\/strong>, tuvo lugar en el Sal\u00f3n Lourdes del Hotel Casa del Peregrino de Buga, de la ciudad de Guadalajara de Buga, Departamento del Valle del Cauca, Colombia, el 13 de diciembre de 2018, con la presencia de directivos de 4-72 La Red Postal de Colombia, Representantes de la Iglesia, de la Gobernaci\u00f3n del Valle del Cauca, de la Alcald\u00eda Municipal de Guadalajara de Buga, de filatelistas y de invitados especiales.<\/p>\n<p><strong>La emisi\u00f3n<\/strong>. La emisi\u00f3n postal <strong>\u201cHistoria del Se\u00f1or de los Milagros de Buga\u201d<\/strong> consta de 2.862 hojas bloque, para un total de 22.896 estampillas. La emisi\u00f3n contiene adem\u00e1s la carpeta, el bolet\u00edn informativo y dos sobres de primer d\u00eda.<\/p>\n<p><strong><a href=\"https:\/\/www.afitecol.com\/wp-content\/uploads\/2018\/12\/MilagrosC-595x1024.jpg\" target=\"_blank\"><img loading=\"lazy\" decoding=\"async\" class=\"alignnone size-large wp-image-12766\" style=\"border: 0px; margin: 5px;\" title=\"MilagrosC\" src=\"https:\/\/www.afitecol.com\/wp-content\/uploads\/2018\/12\/MilagrosC-595x1024.jpg\" alt=\"MilagrosC\" width=\"77\" height=\"133\" srcset=\"https:\/\/www.afitecol.com\/wp-content\/uploads\/2018\/12\/MilagrosC-595x1024.jpg 595w, https:\/\/www.afitecol.com\/wp-content\/uploads\/2018\/12\/MilagrosC-174x300.jpg 174w, https:\/\/www.afitecol.com\/wp-content\/uploads\/2018\/12\/MilagrosC.jpeg 762w\" sizes=\"(max-width: 77px) 85vw, 77px\" \/><\/a>La hoja bloque<\/strong>. La hoja bloque, numerada est\u00e1 compuesta por 8 estampillas, presentadas en forma de un se-tenant de ocho, lleva como t\u00edtulo el nombre de la emisi\u00f3n: <strong>Historia del Se\u00f1or de los Milagros de Buga<\/strong>. La hoja bloque es una reproducci\u00f3n de la pintura mural al fresco que se encuentra en la mencionada Bas\u00edlica Menor.<\/p>\n<p><strong>Las estampillas<\/strong>. Las estampillas que conforman el se-tenant de ocho, en tama\u00f1o de 40 x 30 mm, en policrom\u00eda, m\u00e1s una tinta fluorescente invisible, en papel truwhite y goma PVA, tiene un valor facial de $ 4.000.<\/p>\n<p>Las estampillas cuentan la <strong>Historia del Se\u00f1or de los Milagros de Buga<\/strong>, consignada en una pintura mural al fresco realizada entre 1976 y 1977. La historia comienza desde que un crucifijo fue encontrado en el rio Guadalajara, por una ind\u00edgena, mientras lavaba la ropa; la instalaci\u00f3n del crucifijo en un altar de su casa, la adecuaci\u00f3n de una Ermita para alojarlo por unos misioneros, la destrucci\u00f3n de la ermita por un terremoto, hasta el traslado final de la imagen hasta Buga, donde hoy en d\u00eda se exhibe en la <strong>Bas\u00edlica Menor del Se\u00f1or de los Milagros de Buga.<\/strong><\/p>\n<p><strong><a href=\"https:\/\/www.afitecol.com\/wp-content\/uploads\/2018\/12\/Buga3.png\" target=\"_blank\"><img loading=\"lazy\" decoding=\"async\" class=\"alignnone size-full wp-image-12768\" style=\"border: 0px; margin: 5px;\" title=\"Buga3\" src=\"https:\/\/www.afitecol.com\/wp-content\/uploads\/2018\/12\/Buga3.png\" alt=\"Buga3\" width=\"133\" height=\"69\" srcset=\"https:\/\/www.afitecol.com\/wp-content\/uploads\/2018\/12\/Buga3.png 840w, https:\/\/www.afitecol.com\/wp-content\/uploads\/2018\/12\/Buga3-300x156.png 300w\" sizes=\"(max-width: 133px) 85vw, 133px\" \/><\/a><a href=\"https:\/\/www.afitecol.com\/wp-content\/uploads\/2018\/12\/Buga4-1024x533.png\" target=\"_blank\"><img loading=\"lazy\" decoding=\"async\" class=\"alignnone size-large wp-image-12767\" style=\"border: 0px; margin: 5px;\" title=\"Buga4\" src=\"https:\/\/www.afitecol.com\/wp-content\/uploads\/2018\/12\/Buga4-1024x533.png\" alt=\"Buga4\" width=\"133\" height=\"69\" srcset=\"https:\/\/www.afitecol.com\/wp-content\/uploads\/2018\/12\/Buga4-1024x533.png 1024w, https:\/\/www.afitecol.com\/wp-content\/uploads\/2018\/12\/Buga4-300x156.png 300w, https:\/\/www.afitecol.com\/wp-content\/uploads\/2018\/12\/Buga4.png 1226w\" sizes=\"(max-width: 133px) 85vw, 133px\" \/><\/a>El sobre de primer d\u00eda<\/strong>. Se imprimieron 600 sobre numerados de primer d\u00eda de servicio, por cada motivo, para un total de 1.200 sobres. El primer d\u00eda de servicio fue el 13 de diciembre de 2018 y fue matasellado en la ciudad de Guadalajara de Buga, Departamento del Valle del Cauca, Colombia.<\/p>\n","protected":false},"excerpt":{"rendered":"<p>El Se\u00f1or de los Milagros de Buga es una imagen, cuya creaci\u00f3n data del siglo XVI, de estilo colonial, tallada en madera y con una altura de 1.33 metros, que se encuentra en lo que hoy es la Bas\u00edlica Menor del Se\u00f1or de los Milagros de Buga, en la Ciudad Se\u00f1ora, cuyo nombre oficial es &hellip; <a href=\"https:\/\/www.afitecol.com\/?p=12761\" class=\"more-link\">Continuar leyendo<span class=\"screen-reader-text\"> \u00abEmisi\u00f3n postal: \u201cHistoria del Se\u00f1or de los Milagros de Buga\u201d\u00bb<\/span><\/a><\/p>\n","protected":false},"author":2,"featured_media":0,"comment_status":"open","ping_status":"closed","sticky":false,"template":"","format":"standard","meta":{"footnotes":""},"categories":[5],"tags":[],"class_list":["post-12761","post","type-post","status-publish","format-standard","hentry","category-emisiones"],"_links":{"self":[{"href":"https:\/\/www.afitecol.com\/index.php?rest_route=\/wp\/v2\/posts\/12761"}],"collection":[{"href":"https:\/\/www.afitecol.com\/index.php?rest_route=\/wp\/v2\/posts"}],"about":[{"href":"https:\/\/www.afitecol.com\/index.php?rest_route=\/wp\/v2\/types\/post"}],"author":[{"embeddable":true,"href":"https:\/\/www.afitecol.com\/index.php?rest_route=\/wp\/v2\/users\/2"}],"replies":[{"embeddable":true,"href":"https:\/\/www.afitecol.com\/index.php?rest_route=%2Fwp%2Fv2%2Fcomments&post=12761"}],"version-history":[{"count":16,"href":"https:\/\/www.afitecol.com\/index.php?rest_route=\/wp\/v2\/posts\/12761\/revisions"}],"predecessor-version":[{"id":18060,"href":"https:\/\/www.afitecol.com\/index.php?rest_route=\/wp\/v2\/posts\/12761\/revisions\/18060"}],"wp:attachment":[{"href":"https:\/\/www.afitecol.com\/index.php?rest_route=%2Fwp%2Fv2%2Fmedia&parent=12761"}],"wp:term":[{"taxonomy":"category","embeddable":true,"href":"https:\/\/www.afitecol.com\/index.php?rest_route=%2Fwp%2Fv2%2Fcategories&post=12761"},{"taxonomy":"post_tag","embeddable":true,"href":"https:\/\/www.afitecol.com\/index.php?rest_route=%2Fwp%2Fv2%2Ftags&post=12761"}],"curies":[{"name":"wp","href":"https:\/\/api.w.org\/{rel}","templated":true}]}}