{"id":12583,"date":"2018-11-12T16:49:49","date_gmt":"2018-11-12T16:49:49","guid":{"rendered":"http:\/\/www.afitecol.com\/?p=12583"},"modified":"2018-11-29T15:01:32","modified_gmt":"2018-11-29T15:01:32","slug":"emision-postal-%e2%80%9ccentenario-de-la-recuperacion-de-la-independencia-de-polonia-1918-2918%e2%80%9d","status":"publish","type":"post","link":"https:\/\/www.afitecol.com\/?p=12583","title":{"rendered":"Emisi\u00f3n postal: \u201cCentenario de la recuperaci\u00f3n de la Independencia de Polonia, 1918 &#8211; 2018\u201d"},"content":{"rendered":"<p><a href=\"https:\/\/www.afitecol.com\/wp-content\/uploads\/2018\/11\/Polonia01-795x1024.jpg\" target=\"_blank\"><img loading=\"lazy\" decoding=\"async\" class=\"alignnone size-large wp-image-12630\" style=\"border: 0px; margin: 5px;\" title=\"Polonia01\" src=\"https:\/\/www.afitecol.com\/wp-content\/uploads\/2018\/11\/Polonia01-795x1024.jpg\" alt=\"Polonia01\" width=\"103\" height=\"133\" srcset=\"https:\/\/www.afitecol.com\/wp-content\/uploads\/2018\/11\/Polonia01-795x1024.jpg 795w, https:\/\/www.afitecol.com\/wp-content\/uploads\/2018\/11\/Polonia01-232x300.jpg 232w, https:\/\/www.afitecol.com\/wp-content\/uploads\/2018\/11\/Polonia01.jpeg 848w\" sizes=\"(max-width: 103px) 85vw, 103px\" \/><\/a> <a href=\"https:\/\/www.afitecol.com\/wp-content\/uploads\/2018\/11\/Polonia02.jpeg\"><img loading=\"lazy\" decoding=\"async\" class=\"alignnone size-large wp-image-12631\" style=\"border: 0px; margin: 5px;\" title=\"Polonia02\" src=\"https:\/\/www.afitecol.com\/wp-content\/uploads\/2018\/11\/Polonia02-795x1024.jpg\" alt=\"Polonia02\" width=\"103\" height=\"133\" srcset=\"https:\/\/www.afitecol.com\/wp-content\/uploads\/2018\/11\/Polonia02-795x1024.jpg 795w, https:\/\/www.afitecol.com\/wp-content\/uploads\/2018\/11\/Polonia02-232x300.jpg 232w, https:\/\/www.afitecol.com\/wp-content\/uploads\/2018\/11\/Polonia02.jpeg 848w\" sizes=\"(max-width: 103px) 85vw, 103px\" \/><\/a>En el d\u00eda de ayer, 11 de noviembre de 2018, se cumplieron 100 a\u00f1os de la recuperaci\u00f3n de la<strong> Independencia Nacional de Polonia<\/strong>, cuando el pa\u00eds, tras el final de la Primera Guerra Mundial, volvi\u00f3 a aparecer en los mapas tras haber pasado 123 a\u00f1os de invasi\u00f3n por tres potencias que se repartieron el territorio: Rusia, el Imperio Austroh\u00fangaro y Prusia.<\/p>\n<p>Estos 100 a\u00f1os han sido 100 a\u00f1os de gloria y amistad entre polacos y muchos pa\u00edses en el mundo, entre los cuales se encuentra <strong>Colombia<\/strong>, que en el a\u00f1o 1931 bajo la presidencia de Olaya Herrera Colombia estableci\u00f3 relaciones diplom\u00e1ticas m\u00e1s cercanas con la <strong>Rep\u00fablica de Polonia<\/strong>.<\/p>\n<p>En el a\u00f1o de 1942 las autoridades colombianas tomaron la decisi\u00f3n sin precedentes de permitir la apertura de la <strong>Legaci\u00f3n Polaca<\/strong> en Bogot\u00e1.<\/p>\n<p>No obstante, las muy restrictivas regulaciones migratorias vigentes en Colombia en aquella \u00e9poca, el pa\u00eds fue el lugar de desembarque de muchas <strong>familias polacas<\/strong>, que parad\u00f3jicamente, la situaci\u00f3n econ\u00f3mica de ambos pa\u00edses era propicia al desarrollo del intercambio comercial bilateral.<\/p>\n<p>El 28 de julio de 1969 se firm\u00f3 un comunicado conjunto sobre el restablecimiento de las <strong>Relaciones Diplom\u00e1ticas entre Polonia y Colombia<\/strong>, que se hab\u00edan suspendido a\u00f1os anteriores, y lentamente se empez\u00f3 a desarrollar la cooperaci\u00f3n cient\u00edfica, cultural y deportiva.<\/p>\n<p><a href=\"https:\/\/www.afitecol.com\/wp-content\/uploads\/2018\/11\/Polonia4.png\" target=\"_blank\"><img loading=\"lazy\" decoding=\"async\" class=\"alignnone size-full wp-image-12586\" style=\"border: 0px; margin: 5px;\" title=\"Polonia4\" src=\"https:\/\/www.afitecol.com\/wp-content\/uploads\/2018\/11\/Polonia4.png\" alt=\"Polonia4\" width=\"55\" height=\"74\" \/><\/a> Al acercamiento entre los dos estados y naciones sirvi\u00f3 mucho tambi\u00e9n, la visita apost\u00f3lica del Papa polaco Juan Pablo II a Colombia. El primero de julio de <strong>1986<\/strong>, el Santo Padre se reuni\u00f3 con la colonia polaca de Colombia en Bogot\u00e1, y para recordar dicho acontecimiento Colombia realiz\u00f3 una emisi\u00f3n postal que se denomin\u00f3 <strong>\u201cVisita de S.S Juan Pablo II\u201d<\/strong> .<\/p>\n<p><a href=\"https:\/\/www.afitecol.com\/wp-content\/uploads\/2018\/11\/Polonia3.png\" target=\"_blank\"><img loading=\"lazy\" decoding=\"async\" class=\"alignnone size-full wp-image-12587\" style=\"border: 0px; margin: 5px;\" title=\"Polonia3\" src=\"https:\/\/www.afitecol.com\/wp-content\/uploads\/2018\/11\/Polonia3.png\" alt=\"Polonia3\" width=\"58\" height=\"74\" \/><\/a> Ya en<strong> 1974<\/strong> de hab\u00eda realizado otra emisi\u00f3n postal para conmemorar el <strong>\u201cV centenario del nacimiento de Nicol\u00e1s Cop\u00e9rnico\u201d<\/strong>, astr\u00f3nomo polaco conocido principalmente por el desarrollo de la teor\u00eda que la tierra giraba alrededor del sol y no al contrario como se cre\u00eda en aquella \u00e9poca.<\/p>\n<p><a href=\"https:\/\/www.afitecol.com\/wp-content\/uploads\/2018\/11\/Polonia5.png\" target=\"_blank\"><img loading=\"lazy\" decoding=\"async\" class=\"alignnone size-full wp-image-12588\" style=\"border: 0px; margin: 5px;\" title=\"Polonia5\" src=\"https:\/\/www.afitecol.com\/wp-content\/uploads\/2018\/11\/Polonia5.png\" alt=\"Polonia5\" width=\"58\" height=\"74\" \/><\/a> En el a\u00f1o de <strong>2006<\/strong> Colombia realiz\u00f3 una emisi\u00f3n postal denominada <strong>\u201cFederico Chopin 1810 &#8211; 1849\u201d<\/strong>, compositor y virtuoso pianista polaco\u200b\u200b\u200b\u200b, considerado uno de los m\u00e1s importantes de la historia y uno de los mayores representantes del romanticismo musical, como resultado de la reactivaci\u00f3n de los trabajos del Instituto Federico Chopin, y la construcci\u00f3n del Monumento a la Memoria de Federico Chopin, situado en el parque aleda\u00f1o a la sede de la Embajada de la Rep\u00fablica de Polonia en Bogot\u00e1.<\/p>\n<p>Y ahora en 2018, para recordar las relaciones polaco-colombianas, durante estos a\u00f1os, y para conmemorar los 100 a\u00f1os de la nueva fase de vida de Polonia, el Gobierno de Colombia, por intermedio del Ministerio de Tecnolog\u00edas de la Informaci\u00f3n y las Comunicaciones, autoriz\u00f3 la emisi\u00f3n postal denominada <strong>\u201cCentenario de la recuperaci\u00f3n de la Independencia de Polonia, 1918 &#8211; 2018\u201d<\/strong>, mediante Resoluci\u00f3n N\u00ba 3037 del 26 de octubre de 2018.<\/p>\n<p><strong>Acto protocolario<\/strong>. El acto protocolario del lanzamiento de la emisi\u00f3n postal <strong>\u201cCentenario de la recuperaci\u00f3n de la Independencia de Polonia, 1918 &#8211; 2018\u201d <\/strong>se cumpli\u00f3 el 9 de noviembre de 2018 en el Auditorio de la Universidad Jorge Tadeo Lozano, en la ciudad de Bogot\u00e1, D.C., Colombia.<\/p>\n<p><strong>La emisi\u00f3n<\/strong>. La emisi\u00f3n postal <strong>\u201cCentenario de la recuperaci\u00f3n de la Independencia de Polonia, 1918 &#8211; 2018\u201d<\/strong>consta de 5.309 hojas bloque, para un total de 21.236 estampillas. La emisi\u00f3n contiene adem\u00e1s la carpeta, el bolet\u00edn informativo y el sobre de primer d\u00eda.<\/p>\n<p><strong><a href=\"https:\/\/www.afitecol.com\/wp-content\/uploads\/2018\/11\/Polonia03.jpeg\" target=\"_blank\"><img loading=\"lazy\" decoding=\"async\" class=\"alignnone size-full wp-image-12632\" style=\"border: 0px; margin: 5px;\" title=\"Polonia03\" src=\"https:\/\/www.afitecol.com\/wp-content\/uploads\/2018\/11\/Polonia03.jpeg\" alt=\"Polonia03\" width=\"96\" height=\"105\" srcset=\"https:\/\/www.afitecol.com\/wp-content\/uploads\/2018\/11\/Polonia03.jpeg 739w, https:\/\/www.afitecol.com\/wp-content\/uploads\/2018\/11\/Polonia03-273x300.jpg 273w\" sizes=\"(max-width: 96px) 85vw, 96px\" \/><\/a>La hoja bloque<\/strong>. La hoja bloque, numerada, contiene 4 estampillas. En la parte superior se destaca el objetivo de la emisi\u00f3n: \u201cPolonia, cien a\u00f1os de la recuperaci\u00f3n de la Independencia\u201d.<\/p>\n<p><strong>Las estampillas<\/strong>. Las estampillas en tama\u00f1o de 40 x 30 mm, en policrom\u00eda, m\u00e1s una tinta especial fluorescente invisible, en papel Truwhite y goma PVA, tienen un valor facial de $ 5.000.<\/p>\n<p>Las estampillas llevan como imagen la cifra del centenario en n\u00fameros, siendo reemplazado el cero central con una huella y la figura del primer Jefe de Estado y la leyenda Niepodlglea, que en espa\u00f1ol significa Independiente.<\/p>\n<p><strong><a href=\"https:\/\/www.afitecol.com\/wp-content\/uploads\/2018\/11\/Polonia2.png\"><img loading=\"lazy\" decoding=\"async\" class=\"alignnone size-large wp-image-12590\" title=\"Polonia2\" src=\"https:\/\/www.afitecol.com\/wp-content\/uploads\/2018\/11\/Polonia2-1023x530.png\" alt=\"Polonia2\" width=\"133\" height=\"69\" srcset=\"https:\/\/www.afitecol.com\/wp-content\/uploads\/2018\/11\/Polonia2-1023x530.png 1023w, https:\/\/www.afitecol.com\/wp-content\/uploads\/2018\/11\/Polonia2-300x155.png 300w, https:\/\/www.afitecol.com\/wp-content\/uploads\/2018\/11\/Polonia2.png 1315w\" sizes=\"(max-width: 133px) 85vw, 133px\" \/><\/a> El sobre de primer d\u00eda<\/strong>. Se imprimieron 600 sobres numerados de primer d\u00eda de servicio. El primer d\u00eda de servicio fue el 9 de noviembre de 2018 y fue matasellado en la ciudad de Bogot\u00e1, D.C., Colombia.<\/p>\n","protected":false},"excerpt":{"rendered":"<p>En el d\u00eda de ayer, 11 de noviembre de 2018, se cumplieron 100 a\u00f1os de la recuperaci\u00f3n de la Independencia Nacional de Polonia, cuando el pa\u00eds, tras el final de la Primera Guerra Mundial, volvi\u00f3 a aparecer en los mapas tras haber pasado 123 a\u00f1os de invasi\u00f3n por tres potencias que se repartieron el territorio: &hellip; <a href=\"https:\/\/www.afitecol.com\/?p=12583\" class=\"more-link\">Continuar leyendo<span class=\"screen-reader-text\"> \u00abEmisi\u00f3n postal: \u201cCentenario de la recuperaci\u00f3n de la Independencia de Polonia, 1918 &#8211; 2018\u201d\u00bb<\/span><\/a><\/p>\n","protected":false},"author":2,"featured_media":0,"comment_status":"open","ping_status":"closed","sticky":false,"template":"","format":"standard","meta":{"footnotes":""},"categories":[5],"tags":[],"class_list":["post-12583","post","type-post","status-publish","format-standard","hentry","category-emisiones"],"_links":{"self":[{"href":"https:\/\/www.afitecol.com\/index.php?rest_route=\/wp\/v2\/posts\/12583"}],"collection":[{"href":"https:\/\/www.afitecol.com\/index.php?rest_route=\/wp\/v2\/posts"}],"about":[{"href":"https:\/\/www.afitecol.com\/index.php?rest_route=\/wp\/v2\/types\/post"}],"author":[{"embeddable":true,"href":"https:\/\/www.afitecol.com\/index.php?rest_route=\/wp\/v2\/users\/2"}],"replies":[{"embeddable":true,"href":"https:\/\/www.afitecol.com\/index.php?rest_route=%2Fwp%2Fv2%2Fcomments&post=12583"}],"version-history":[{"count":15,"href":"https:\/\/www.afitecol.com\/index.php?rest_route=\/wp\/v2\/posts\/12583\/revisions"}],"predecessor-version":[{"id":12670,"href":"https:\/\/www.afitecol.com\/index.php?rest_route=\/wp\/v2\/posts\/12583\/revisions\/12670"}],"wp:attachment":[{"href":"https:\/\/www.afitecol.com\/index.php?rest_route=%2Fwp%2Fv2%2Fmedia&parent=12583"}],"wp:term":[{"taxonomy":"category","embeddable":true,"href":"https:\/\/www.afitecol.com\/index.php?rest_route=%2Fwp%2Fv2%2Fcategories&post=12583"},{"taxonomy":"post_tag","embeddable":true,"href":"https:\/\/www.afitecol.com\/index.php?rest_route=%2Fwp%2Fv2%2Ftags&post=12583"}],"curies":[{"name":"wp","href":"https:\/\/api.w.org\/{rel}","templated":true}]}}