{"id":12571,"date":"2018-10-25T16:18:07","date_gmt":"2018-10-25T16:18:07","guid":{"rendered":"http:\/\/www.afitecol.com\/?p=12571"},"modified":"2018-11-29T15:03:09","modified_gmt":"2018-11-29T15:03:09","slug":"emision-postal-%e2%80%9cuniversidad-de-caldas-75-anos-1943-2018%e2%80%9d","status":"publish","type":"post","link":"https:\/\/www.afitecol.com\/?p=12571","title":{"rendered":"Emisi\u00f3n postal: \u201cUniversidad de Caldas 75 a\u00f1os 1943 &#8211; 2018\u201d"},"content":{"rendered":"<p><a href=\"https:\/\/www.afitecol.com\/wp-content\/uploads\/2018\/10\/UnivCaldas1-775x1024.jpg\" target=\"_blank\"><img loading=\"lazy\" decoding=\"async\" class=\"alignnone size-large wp-image-12635\" style=\"border: 0px; margin: 5px;\" title=\"UnivCaldas1\" src=\"https:\/\/www.afitecol.com\/wp-content\/uploads\/2018\/10\/UnivCaldas1-775x1024.jpg\" alt=\"UnivCaldas1\" width=\"103\" height=\"133\" \/><\/a> <a href=\"https:\/\/www.afitecol.com\/wp-content\/uploads\/2018\/10\/UnivCaldas2-775x1024.jpg\" target=\"_blank\"><img loading=\"lazy\" decoding=\"async\" class=\"alignnone size-large wp-image-12636\" style=\"border: 0px; margin: 5px;\" title=\"UnivCaldas2\" src=\"https:\/\/www.afitecol.com\/wp-content\/uploads\/2018\/10\/UnivCaldas2-775x1024.jpg\" alt=\"UnivCaldas2\" width=\"103\" height=\"133\" \/><\/a>La <strong>Universidad de Caldas<\/strong>, ubicada en la ciudad de Manizales, capital del actual departamento de Caldas, fue fundada seg\u00fan Ordenanza N\u00ba 006 del 24 de mayo de 1943, recibiendo el nombre de <strong>Universidad Popular<\/strong>, siendo una Universidad del orden Departamental.<\/p>\n<p>En 1950 se crean y empiezan a funcionar las <strong>Facultades de Agronom\u00eda y Veterinaria<\/strong> como respuesta a las necesidades agr\u00edcolas, pecuarias e industriales de la regi\u00f3n.<\/p>\n<p>En el a\u00f1o 1966 se produce la disgregaci\u00f3n del Departamento de Caldas, conocido en la actualidad como <strong>Viejo Caldas<\/strong> que existi\u00f3 entre 1905 y 1966, el cual estaba conformado por los actuales departamentos de <strong>Caldas<\/strong>, <strong>Risaralda<\/strong> y <strong>Quind\u00edo<\/strong>.<\/p>\n<p>Por efecto de esta separaci\u00f3n del Departamento se presenta y aprueba el proyecto de ley mediante el cual la <strong>Universidad Popular<\/strong> dejaba de ser del orden Departamental para convertirse en una Instituci\u00f3n del Orden Nacional, seg\u00fan ley 34 de agosto de 1967.<\/p>\n<p>La <strong>Universidad de Caldas<\/strong> es una Instituci\u00f3n de Educaci\u00f3n Superior sujeta a inspecci\u00f3n y vigilancia por el Ministerio de Educaci\u00f3n Nacional y cuenta en la actualidad con 6 facultades, 25 especializaciones, 28 maestr\u00edas y 8 doctorados, que han contribuido al desarrollo no solo del departamento, sino del pa\u00eds en general.<\/p>\n<p>Para destacar la labor realizada por la <strong>Universidad de Caldas<\/strong> en estos 75 a\u00f1os, el Gobierno de Colombia por intermedio del Ministerio de Tecnolog\u00edas de la Informaci\u00f3n y las Comunicaciones, autoriz\u00f3 la emisi\u00f3n postal denominada  <strong>\u201cUniversidad de Caldas 75 a\u00f1os 1943 &#8211; 2018\u201d<\/strong>, mediante la Resoluci\u00f3n N\u00ba 1018 del 13 de abril de 2018.<\/p>\n<p><strong>Acto protocolario<\/strong>. El acto protocolario del lanzamiento de la emisi\u00f3n postal <strong>\u201cUniversidad de Caldas 75 a\u00f1os 1943 &#8211; 2018\u201d<\/strong> se realiz\u00f3 el 23 de octubre de 2018 en el <strong>Centro Cultural Universitario Rogelio Salmona<\/strong>, en la ciudad de Manizales, Departamento de Caldas, con la presencia de Directivos de la Universidad de Caldas, de directivos de 4-72 La Red Postal de Colombia y de invitados especiales.<\/p>\n<p><strong>La emisi\u00f3n<\/strong>. La emisi\u00f3n postal <strong>\u201cUniversidad de Caldas 75 a\u00f1os 1943 &#8211; 2018\u201d<\/strong> consta de 15.556 hojas bloque, para un total de 62.224 estampillas. La emisi\u00f3n contiene adem\u00e1s la carpeta, el bolet\u00edn informativo y el sobre de primer d\u00eda.<\/p>\n<p><strong><a href=\"https:\/\/www.afitecol.com\/wp-content\/uploads\/2018\/10\/UnivCaldas3.jpeg\" target=\"_blank\"><img loading=\"lazy\" decoding=\"async\" class=\"alignnone size-full wp-image-12638\" style=\"border: 0px; margin: 5px;\" title=\"UnivCaldas3\" src=\"https:\/\/www.afitecol.com\/wp-content\/uploads\/2018\/10\/UnivCaldas3.jpeg\" alt=\"UnivCaldas3\" width=\"99\" height=\"99\" srcset=\"https:\/\/www.afitecol.com\/wp-content\/uploads\/2018\/10\/UnivCaldas3.jpeg 764w, https:\/\/www.afitecol.com\/wp-content\/uploads\/2018\/10\/UnivCaldas3-150x150.jpg 150w, https:\/\/www.afitecol.com\/wp-content\/uploads\/2018\/10\/UnivCaldas3-300x299.jpg 300w\" sizes=\"(max-width: 99px) 85vw, 99px\" \/><\/a>La hoja bloque<\/strong>. La hoja bloque, numerada, contiene 4 estampillas. En la parte superior se destaca el objetivo de la emisi\u00f3n: Universidad de Caldas 75 a\u00f1os: 1943 \u2013 2018.<\/p>\n<p><strong>Las estampillas<\/strong>. Las estampillas en tama\u00f1o de 40 x 30 mm, en policrom\u00eda, m\u00e1s una tinta especial fluorescente invisible, en papel Truwhite y goma PVA, tienen un valor facial de $ 10.000.<\/p>\n<p>Las estampillas llevan como imagen el dise\u00f1o del <strong>Centro Cultural Universitario Rogelio Carmona<\/strong>, realizado por quien es considerado como una figura central de la arquitectura en Colombia. En el Centro Cultural se encuentra la Biblioteca, el Centro de Ciencia, el Conservatorio de M\u00fasica y espacios complementarios, para la investigaci\u00f3n, la innovaci\u00f3n y el aprendizaje colaborativo.<\/p>\n<p><strong><a href=\"https:\/\/www.afitecol.com\/wp-content\/uploads\/2018\/10\/UCaldas2.png\"><img loading=\"lazy\" decoding=\"async\" class=\"alignnone size-large wp-image-12574\" style=\"border: 0px; margin: 5px;\" title=\"UCaldas2\" src=\"https:\/\/www.afitecol.com\/wp-content\/uploads\/2018\/10\/UCaldas2-1024x527.png\" alt=\"UCaldas2\" width=\"133\" height=\"68\" srcset=\"https:\/\/www.afitecol.com\/wp-content\/uploads\/2018\/10\/UCaldas2-1024x527.png 1024w, https:\/\/www.afitecol.com\/wp-content\/uploads\/2018\/10\/UCaldas2-300x154.png 300w, https:\/\/www.afitecol.com\/wp-content\/uploads\/2018\/10\/UCaldas2.png 1320w\" sizes=\"(max-width: 133px) 85vw, 133px\" \/><\/a>El sobre de primer d\u00eda<\/strong>. Se imprimieron 600 sobres numerados de primer d\u00eda de servicio. El primer d\u00eda de servicio fue el 23 de octubre de 2018 y fue matasellado en la ciudad de Manizales, Departamento de Caldas, Colombia.<\/p>\n","protected":false},"excerpt":{"rendered":"<p>La Universidad de Caldas, ubicada en la ciudad de Manizales, capital del actual departamento de Caldas, fue fundada seg\u00fan Ordenanza N\u00ba 006 del 24 de mayo de 1943, recibiendo el nombre de Universidad Popular, siendo una Universidad del orden Departamental. En 1950 se crean y empiezan a funcionar las Facultades de Agronom\u00eda y Veterinaria como &hellip; <a href=\"https:\/\/www.afitecol.com\/?p=12571\" class=\"more-link\">Continuar leyendo<span class=\"screen-reader-text\"> \u00abEmisi\u00f3n postal: \u201cUniversidad de Caldas 75 a\u00f1os 1943 &#8211; 2018\u201d\u00bb<\/span><\/a><\/p>\n","protected":false},"author":2,"featured_media":0,"comment_status":"open","ping_status":"closed","sticky":false,"template":"","format":"standard","meta":{"footnotes":""},"categories":[5],"tags":[],"class_list":["post-12571","post","type-post","status-publish","format-standard","hentry","category-emisiones"],"_links":{"self":[{"href":"https:\/\/www.afitecol.com\/index.php?rest_route=\/wp\/v2\/posts\/12571"}],"collection":[{"href":"https:\/\/www.afitecol.com\/index.php?rest_route=\/wp\/v2\/posts"}],"about":[{"href":"https:\/\/www.afitecol.com\/index.php?rest_route=\/wp\/v2\/types\/post"}],"author":[{"embeddable":true,"href":"https:\/\/www.afitecol.com\/index.php?rest_route=\/wp\/v2\/users\/2"}],"replies":[{"embeddable":true,"href":"https:\/\/www.afitecol.com\/index.php?rest_route=%2Fwp%2Fv2%2Fcomments&post=12571"}],"version-history":[{"count":13,"href":"https:\/\/www.afitecol.com\/index.php?rest_route=\/wp\/v2\/posts\/12571\/revisions"}],"predecessor-version":[{"id":12637,"href":"https:\/\/www.afitecol.com\/index.php?rest_route=\/wp\/v2\/posts\/12571\/revisions\/12637"}],"wp:attachment":[{"href":"https:\/\/www.afitecol.com\/index.php?rest_route=%2Fwp%2Fv2%2Fmedia&parent=12571"}],"wp:term":[{"taxonomy":"category","embeddable":true,"href":"https:\/\/www.afitecol.com\/index.php?rest_route=%2Fwp%2Fv2%2Fcategories&post=12571"},{"taxonomy":"post_tag","embeddable":true,"href":"https:\/\/www.afitecol.com\/index.php?rest_route=%2Fwp%2Fv2%2Ftags&post=12571"}],"curies":[{"name":"wp","href":"https:\/\/api.w.org\/{rel}","templated":true}]}}