{"id":12519,"date":"2018-09-21T11:29:44","date_gmt":"2018-09-21T11:29:44","guid":{"rendered":"http:\/\/www.afitecol.com\/?p=12519"},"modified":"2021-07-21T17:54:30","modified_gmt":"2021-07-21T22:54:30","slug":"emision-postal-%e2%80%9crisaralda-bird-festival-2018-festival-de-aves-risaralda-2018-un-territorio-biodiverso%e2%80%9d","status":"publish","type":"post","link":"https:\/\/www.afitecol.com\/?p=12519","title":{"rendered":"Emisi\u00f3n postal: \u201cRisaralda Bird Festival 2018 (Festival de Aves Risaralda 2018) Un territorio bio diverso. Serie I\u201d"},"content":{"rendered":"<p><strong><a href=\"https:\/\/www.afitecol.com\/wp-content\/uploads\/2018\/09\/Pajaros1-1024x792.jpg\" target=\"_blank\" rel=\"noopener noreferrer\"><img loading=\"lazy\" decoding=\"async\" class=\"alignnone size-large wp-image-12624\" style=\"border: 0px; margin: 5px;\" title=\"Pajaros1\" src=\"https:\/\/www.afitecol.com\/wp-content\/uploads\/2018\/09\/Pajaros1-1024x792.jpg\" alt=\"Pajaros1\" width=\"133\" height=\"103\" srcset=\"https:\/\/www.afitecol.com\/wp-content\/uploads\/2018\/09\/Pajaros1-1024x792.jpg 1024w, https:\/\/www.afitecol.com\/wp-content\/uploads\/2018\/09\/Pajaros1-300x232.jpg 300w, https:\/\/www.afitecol.com\/wp-content\/uploads\/2018\/09\/Pajaros1.jpeg 1091w\" sizes=\"(max-width: 133px) 85vw, 133px\" \/><\/a> <a href=\"https:\/\/www.afitecol.com\/wp-content\/uploads\/2018\/09\/Pajaros2-1024x792.jpg\" target=\"_blank\" rel=\"noopener noreferrer\"><img loading=\"lazy\" decoding=\"async\" class=\"alignnone size-large wp-image-12625\" style=\"border: 0px; margin: 5px;\" title=\"Pajaros2\" src=\"https:\/\/www.afitecol.com\/wp-content\/uploads\/2018\/09\/Pajaros2-1024x792.jpg\" alt=\"Pajaros2\" width=\"133\" height=\"103\" srcset=\"https:\/\/www.afitecol.com\/wp-content\/uploads\/2018\/09\/Pajaros2-1024x792.jpg 1024w, https:\/\/www.afitecol.com\/wp-content\/uploads\/2018\/09\/Pajaros2-300x232.jpg 300w, https:\/\/www.afitecol.com\/wp-content\/uploads\/2018\/09\/Pajaros2.jpeg 1091w\" sizes=\"(max-width: 133px) 85vw, 133px\" \/><\/a>Colombia<\/strong> es el pa\u00eds con mayor n\u00famero de especies de aves identificadas, con 1.912 especies, un dato m\u00e1s indicativo de la riqueza en biodiversidad que tiene nuestro territorio en materia de aves. Colombia ocupa el <strong>primer puesto<\/strong> como el pa\u00eds m\u00e1s diverso del mundo en su avifauna.<\/p>\n<p>Entre las especies de aves descubiertas en Colombia hay unas verdaderamente ex\u00f3ticas, de singular belleza, dignas de todos los esfuerzos que se hagan para su preservaci\u00f3n. Lastimosamente muchas de estas especies se encuentran amenazadas y en peligro de extinci\u00f3n, debido a los efectos da\u00f1inos del hombre sobre la naturaleza.<\/p>\n<p>La ciencia que estudia las aves es una rama de la zoolog\u00eda que se denomina <strong>Ornitolog\u00eda<\/strong> y los que la ejercen son los <strong>Ornit\u00f3logos<\/strong>, quienes no solo se ocupan de la descripci\u00f3n y distribuci\u00f3n de las especies, sino de otros aspectos de las aves como el comportamiento y ecolog\u00eda, la evoluci\u00f3n, los procesos de especiaci\u00f3n, el instinto, el aprendizaje, la conservaci\u00f3n y muchos otros m\u00e1s.<\/p>\n<p>En marzo de este a\u00f1o, 2018, tuvo lugar en la ciudad de Pereira, Departamento de Risaralda el <strong>Segundo Gran Festival de Aves de Risaralda<\/strong>, <strong>\u201cRisaralda Bird Festival 2018 (Festival de aves Risaralda 2018)\u201d<\/strong>, un evento acad\u00e9mico, sin \u00e1nimo de lucro, dedicado a posicionar al Departamento de Risaralda como centro internacional de estudio y observaci\u00f3n de aves, con la colaboraci\u00f3n entre otras instituciones de la Universidad Tecnol\u00f3gica de Pereira.<\/p>\n<p>Para resaltar la importancia de las aves en la ecolog\u00eda de nuestro pa\u00eds y como una contribuci\u00f3n al conocimiento de las especies de aves en Colombia, el Gobierno de Colombia, por intermedio del Ministerio de Tecnolog\u00edas de la Informaci\u00f3n y las Comunicaciones autoriz\u00f3 la emisi\u00f3n postal denominada <strong>\u201cRisaralda Bird Festival 2018 (Festival de Aves Risaralda 2018) un territorio biodiverso\u201d<\/strong>, mediante Resoluci\u00f3n N\u00b0 993 del 9 de abril de 2018.<\/p>\n<p><strong>Acto protocolario<\/strong>. El acto protocolario del lanzamiento de la emisi\u00f3n postal <strong>\u201cRisaralda Bird Festival 2018 (Festival de Aves Risaralda 2018) un territorio biodiverso\u201d<\/strong>, tuvo lugar dentro de los actos programados para conmemorar el Segundo Gran Festival de Aves de Risaralda, que hab\u00eda tenido lugar anteriormente en la ciudad de Pereira.<\/p>\n<p><strong>La emisi\u00f3n<\/strong>. La emisi\u00f3n postal <strong>\u201cRisaralda Bird Festival 2018 (Festival de Aves Risaralda 2018) un territorio biodiverso\u201d <\/strong>consta de 20.745 hojas bloque, para un total de 311.175 estampillas. La emisi\u00f3n contiene adem\u00e1s la carpeta, el bolet\u00edn informativo y 4 sobres de primer d\u00eda.<\/p>\n<p><strong><a href=\"https:\/\/www.afitecol.com\/wp-content\/uploads\/2018\/09\/Pajaros3.jpeg\" target=\"_blank\" rel=\"noopener noreferrer\"><img loading=\"lazy\" decoding=\"async\" class=\"alignnone size-full wp-image-12627\" style=\"border: 0px; margin: 5px;\" title=\"Pajaros3\" src=\"https:\/\/www.afitecol.com\/wp-content\/uploads\/2018\/09\/Pajaros3.jpeg\" alt=\"Pajaros3\" width=\"161\" height=\"128\" srcset=\"https:\/\/www.afitecol.com\/wp-content\/uploads\/2018\/09\/Pajaros3.jpeg 746w, https:\/\/www.afitecol.com\/wp-content\/uploads\/2018\/09\/Pajaros3-300x238.jpg 300w\" sizes=\"(max-width: 161px) 85vw, 161px\" \/><\/a>La hoja bloque<\/strong>. La hoja bloque, numerada, contiene 15 estampillas; 10 estampillas est\u00e1n dedicadas a las aves y cinco a las mariposas. La hoja bloque lleva en la parte superior izquierda figuras de mariposas, en la parte central el titulo de la emisi\u00f3n postal <strong>\u201cRisaralda Bird Festival 2018 (Festival de Aves Risaralda 2018) un territorio biodiverso\u201d <\/strong>y en la parte superior derecha figuras de aves.<\/p>\n<p><strong>Las estampillas<\/strong>. Las estampillas en tama\u00f1o de 35 x 35 mm, en policrom\u00eda, m\u00e1s una tinta especial fluorescente invisible, en papel Truwhite y goma PVA, tienen un valor facial de $ 1.000.<\/p>\n<p><strong><a href=\"https:\/\/www.afitecol.com\/wp-content\/uploads\/2018\/09\/PajarosRisaralda6.png\" target=\"_blank\" rel=\"noopener noreferrer\"><img loading=\"lazy\" decoding=\"async\" class=\"alignnone size-large wp-image-12523\" style=\"border: 0px; margin: 5px;\" title=\"PajarosRisaralda6\" src=\"https:\/\/www.afitecol.com\/wp-content\/uploads\/2018\/09\/PajarosRisaralda6-1024x213.png\" alt=\"PajarosRisaralda6\" width=\"221\" height=\"46\" srcset=\"https:\/\/www.afitecol.com\/wp-content\/uploads\/2018\/09\/PajarosRisaralda6-1024x213.png 1024w, https:\/\/www.afitecol.com\/wp-content\/uploads\/2018\/09\/PajarosRisaralda6-300x62.png 300w, https:\/\/www.afitecol.com\/wp-content\/uploads\/2018\/09\/PajarosRisaralda6.png 1079w\" sizes=\"(max-width: 221px) 85vw, 221px\" \/><\/a>Estampillas con aves <a href=\"https:\/\/www.afitecol.com\/wp-content\/uploads\/2018\/09\/PajarosRisaralda7-1024x214.png\" target=\"_blank\" rel=\"noopener noreferrer\"><img loading=\"lazy\" decoding=\"async\" class=\"alignnone size-large wp-image-12524\" style=\"border: 0px; margin: 5px;\" title=\"PajarosRisaralda7\" src=\"https:\/\/www.afitecol.com\/wp-content\/uploads\/2018\/09\/PajarosRisaralda7-1024x214.png\" alt=\"PajarosRisaralda7\" width=\"221\" height=\"46\" srcset=\"https:\/\/www.afitecol.com\/wp-content\/uploads\/2018\/09\/PajarosRisaralda7-1024x214.png 1024w, https:\/\/www.afitecol.com\/wp-content\/uploads\/2018\/09\/PajarosRisaralda7-300x62.png 300w, https:\/\/www.afitecol.com\/wp-content\/uploads\/2018\/09\/PajarosRisaralda7.png 1089w\" sizes=\"(max-width: 221px) 85vw, 221px\" \/><\/a><\/strong><\/p>\n<p><strong>Estampillas con mariposas<\/strong>:<a href=\"https:\/\/www.afitecol.com\/wp-content\/uploads\/2018\/09\/PajarosRisaralda8-1024x205.png\" target=\"_blank\" rel=\"noopener noreferrer\"><img loading=\"lazy\" decoding=\"async\" class=\"alignnone size-large wp-image-12526\" style=\"border: 0px; margin: 5px;\" title=\"PajarosRisaralda8\" src=\"https:\/\/www.afitecol.com\/wp-content\/uploads\/2018\/09\/PajarosRisaralda8-1024x205.png\" alt=\"PajarosRisaralda8\" width=\"221\" height=\"44\" srcset=\"https:\/\/www.afitecol.com\/wp-content\/uploads\/2018\/09\/PajarosRisaralda8-1024x205.png 1024w, https:\/\/www.afitecol.com\/wp-content\/uploads\/2018\/09\/PajarosRisaralda8-300x60.png 300w, https:\/\/www.afitecol.com\/wp-content\/uploads\/2018\/09\/PajarosRisaralda8.png 1088w\" sizes=\"(max-width: 221px) 85vw, 221px\" \/><\/a><\/p>\n<p><strong>La estampilla<\/strong>. La estampilla lleva el logotipo del festival en la parte superior izquierda, la imagen del ave o mariposa respectiva y en la parte inferior el nombre com\u00fan acompa\u00f1ado del nombre cient\u00edfico correspondiente.<\/p>\n<p><strong>El sobre de primer d\u00eda<\/strong>. <a href=\"https:\/\/www.afitecol.com\/wp-content\/uploads\/2018\/09\/PajarosRisaralda2-1024x523.png\" target=\"_blank\" rel=\"noopener noreferrer\"><img loading=\"lazy\" decoding=\"async\" class=\"alignnone size-large wp-image-12528\" style=\"border: 0px; margin: 5px;\" title=\"PajarosRisaralda2\" src=\"https:\/\/www.afitecol.com\/wp-content\/uploads\/2018\/09\/PajarosRisaralda2-1024x523.png\" alt=\"PajarosRisaralda2\" width=\"133\" height=\"68\" srcset=\"https:\/\/www.afitecol.com\/wp-content\/uploads\/2018\/09\/PajarosRisaralda2-1024x523.png 1024w, https:\/\/www.afitecol.com\/wp-content\/uploads\/2018\/09\/PajarosRisaralda2-300x153.png 300w, https:\/\/www.afitecol.com\/wp-content\/uploads\/2018\/09\/PajarosRisaralda2.png 1314w\" sizes=\"(max-width: 133px) 85vw, 133px\" \/><\/a> <a href=\"https:\/\/www.afitecol.com\/wp-content\/uploads\/2018\/09\/PajarosRisaralda3-1024x529.png\" target=\"_blank\" rel=\"noopener noreferrer\"><img loading=\"lazy\" decoding=\"async\" class=\"alignnone size-large wp-image-12534\" style=\"border: 0px; margin: 5px;\" title=\"PajarosRisaralda3\" src=\"https:\/\/www.afitecol.com\/wp-content\/uploads\/2018\/09\/PajarosRisaralda3-1024x529.png\" alt=\"PajarosRisaralda3\" width=\"133\" height=\"68\" srcset=\"https:\/\/www.afitecol.com\/wp-content\/uploads\/2018\/09\/PajarosRisaralda3-1024x529.png 1024w, https:\/\/www.afitecol.com\/wp-content\/uploads\/2018\/09\/PajarosRisaralda3-300x155.png 300w, https:\/\/www.afitecol.com\/wp-content\/uploads\/2018\/09\/PajarosRisaralda3.png 1322w\" sizes=\"(max-width: 133px) 85vw, 133px\" \/><\/a> <a href=\"https:\/\/www.afitecol.com\/wp-content\/uploads\/2018\/09\/PajarosRisaralda-4-1024x526.png\" target=\"_blank\" rel=\"noopener noreferrer\"><img loading=\"lazy\" decoding=\"async\" class=\"alignnone size-large wp-image-12530\" style=\"border: 0px; margin: 5px;\" title=\"PajarosRisaralda 4\" src=\"https:\/\/www.afitecol.com\/wp-content\/uploads\/2018\/09\/PajarosRisaralda-4-1024x526.png\" alt=\"PajarosRisaralda 4\" width=\"133\" height=\"68\" srcset=\"https:\/\/www.afitecol.com\/wp-content\/uploads\/2018\/09\/PajarosRisaralda-4-1024x526.png 1024w, https:\/\/www.afitecol.com\/wp-content\/uploads\/2018\/09\/PajarosRisaralda-4-300x154.png 300w, https:\/\/www.afitecol.com\/wp-content\/uploads\/2018\/09\/PajarosRisaralda-4.png 1319w\" sizes=\"(max-width: 133px) 85vw, 133px\" \/><\/a> <a href=\"https:\/\/www.afitecol.com\/wp-content\/uploads\/2018\/09\/PajarosRisaralda5-1024x523.png\" target=\"_blank\" rel=\"noopener noreferrer\"><img loading=\"lazy\" decoding=\"async\" class=\"alignnone size-large wp-image-12531\" style=\"border: 0px; margin: 5px;\" title=\"PajarosRisaralda5\" src=\"https:\/\/www.afitecol.com\/wp-content\/uploads\/2018\/09\/PajarosRisaralda5-1024x523.png\" alt=\"PajarosRisaralda5\" width=\"133\" height=\"68\" srcset=\"https:\/\/www.afitecol.com\/wp-content\/uploads\/2018\/09\/PajarosRisaralda5-1024x523.png 1024w, https:\/\/www.afitecol.com\/wp-content\/uploads\/2018\/09\/PajarosRisaralda5-300x153.png 300w, https:\/\/www.afitecol.com\/wp-content\/uploads\/2018\/09\/PajarosRisaralda5.png 1317w\" sizes=\"(max-width: 133px) 85vw, 133px\" \/><\/a>Se imprimieron 600 sobres numerados de primer d\u00eda de servicio, por cada grupo de estampillas. El primer d\u00eda de servicio fue el 24 de agosto de 2018 y fue matasellado en la ciudad de Pereira, Departamento de Risaralda, Colombia.<\/p>\n","protected":false},"excerpt":{"rendered":"<p>Colombia es el pa\u00eds con mayor n\u00famero de especies de aves identificadas, con 1.912 especies, un dato m\u00e1s indicativo de la riqueza en biodiversidad que tiene nuestro territorio en materia de aves. Colombia ocupa el primer puesto como el pa\u00eds m\u00e1s diverso del mundo en su avifauna. Entre las especies de aves descubiertas en Colombia &hellip; <a href=\"https:\/\/www.afitecol.com\/?p=12519\" class=\"more-link\">Continuar leyendo<span class=\"screen-reader-text\"> \u00abEmisi\u00f3n postal: \u201cRisaralda Bird Festival 2018 (Festival de Aves Risaralda 2018) Un territorio bio diverso. Serie I\u201d\u00bb<\/span><\/a><\/p>\n","protected":false},"author":2,"featured_media":0,"comment_status":"open","ping_status":"closed","sticky":false,"template":"","format":"standard","meta":{"footnotes":""},"categories":[5],"tags":[],"class_list":["post-12519","post","type-post","status-publish","format-standard","hentry","category-emisiones"],"_links":{"self":[{"href":"https:\/\/www.afitecol.com\/index.php?rest_route=\/wp\/v2\/posts\/12519"}],"collection":[{"href":"https:\/\/www.afitecol.com\/index.php?rest_route=\/wp\/v2\/posts"}],"about":[{"href":"https:\/\/www.afitecol.com\/index.php?rest_route=\/wp\/v2\/types\/post"}],"author":[{"embeddable":true,"href":"https:\/\/www.afitecol.com\/index.php?rest_route=\/wp\/v2\/users\/2"}],"replies":[{"embeddable":true,"href":"https:\/\/www.afitecol.com\/index.php?rest_route=%2Fwp%2Fv2%2Fcomments&post=12519"}],"version-history":[{"count":20,"href":"https:\/\/www.afitecol.com\/index.php?rest_route=\/wp\/v2\/posts\/12519\/revisions"}],"predecessor-version":[{"id":15183,"href":"https:\/\/www.afitecol.com\/index.php?rest_route=\/wp\/v2\/posts\/12519\/revisions\/15183"}],"wp:attachment":[{"href":"https:\/\/www.afitecol.com\/index.php?rest_route=%2Fwp%2Fv2%2Fmedia&parent=12519"}],"wp:term":[{"taxonomy":"category","embeddable":true,"href":"https:\/\/www.afitecol.com\/index.php?rest_route=%2Fwp%2Fv2%2Fcategories&post=12519"},{"taxonomy":"post_tag","embeddable":true,"href":"https:\/\/www.afitecol.com\/index.php?rest_route=%2Fwp%2Fv2%2Ftags&post=12519"}],"curies":[{"name":"wp","href":"https:\/\/api.w.org\/{rel}","templated":true}]}}