{"id":12495,"date":"2018-09-19T11:16:01","date_gmt":"2018-09-19T11:16:01","guid":{"rendered":"http:\/\/www.afitecol.com\/?p=12495"},"modified":"2018-11-29T15:06:28","modified_gmt":"2018-11-29T15:06:28","slug":"emision-postal-%e2%80%9cregion-del-catatumbo-y-provincia-de-ocana%e2%80%9d","status":"publish","type":"post","link":"https:\/\/www.afitecol.com\/?p=12495","title":{"rendered":"Emisi\u00f3n postal: \u201cRegi\u00f3n del Catatumbo y Provincia de Oca\u00f1a\u201d"},"content":{"rendered":"<p><a href=\"https:\/\/www.afitecol.com\/wp-content\/uploads\/2018\/09\/Catatumbo01.jpeg\" target=\"_blank\"><img loading=\"lazy\" decoding=\"async\" class=\"alignnone size-large wp-image-12603\" style=\"border: 0px; margin: 5px;\" title=\"Catatumbo01\" src=\"https:\/\/www.afitecol.com\/wp-content\/uploads\/2018\/09\/Catatumbo01-782x1024.jpg\" alt=\"Catatumbo01\" width=\"101\" height=\"133\" srcset=\"https:\/\/www.afitecol.com\/wp-content\/uploads\/2018\/09\/Catatumbo01-782x1024.jpg 782w, https:\/\/www.afitecol.com\/wp-content\/uploads\/2018\/09\/Catatumbo01-229x300.jpg 229w, https:\/\/www.afitecol.com\/wp-content\/uploads\/2018\/09\/Catatumbo01.jpeg 841w\" sizes=\"(max-width: 101px) 85vw, 101px\" \/><\/a> <a href=\"https:\/\/www.afitecol.com\/wp-content\/uploads\/2018\/09\/Catatumbo02-782x1024.jpg\" target=\"_blank\"><img loading=\"lazy\" decoding=\"async\" class=\"alignnone size-large wp-image-12604\" style=\"border: 0px; margin: 5px;\" title=\"Catatumbo02\" src=\"https:\/\/www.afitecol.com\/wp-content\/uploads\/2018\/09\/Catatumbo02-782x1024.jpg\" alt=\"Catatumbo02\" width=\"101\" height=\"133\" srcset=\"https:\/\/www.afitecol.com\/wp-content\/uploads\/2018\/09\/Catatumbo02-782x1024.jpg 782w, https:\/\/www.afitecol.com\/wp-content\/uploads\/2018\/09\/Catatumbo02-229x300.jpg 229w, https:\/\/www.afitecol.com\/wp-content\/uploads\/2018\/09\/Catatumbo02.jpeg 841w\" sizes=\"(max-width: 101px) 85vw, 101px\" \/><\/a>La regi\u00f3n colombiana del <strong>Catatumbo<\/strong> est\u00e1 ubicada en el noreste del departamento de Norte de Santander, Colombia y est\u00e1 conformada por 11 municipios, entre los cuales se encuentra el municipio de <strong>Oca\u00f1a<\/strong>. El nombre de Catatumbo lo recibe del principal r\u00edo que la recorre la regi\u00f3n, el <strong>Rio Catatumbo<\/strong>.<\/p>\n<p>La <strong>regi\u00f3n del Catatumbo<\/strong> presenta una gran variedad de climas y sus suelos son aptos para la agricultura diversificada, present\u00e1ndose diversos tipos de cultivos, principalmente caf\u00e9, cacao, pi\u00f1a y fr\u00edjol, entre otros; igualmente la ganader\u00eda es un rengl\u00f3n fuerte en la regi\u00f3n.  As\u00ed mismo la regi\u00f3n es rica en recursos minerales como el petr\u00f3leo, el carb\u00f3n y el uranio.<\/p>\n<p>La emisi\u00f3n postal <strong>Regi\u00f3n del Catatumbo<\/strong> y <strong>Provincia de<\/strong> <strong>Oca\u00f1a<\/strong> est\u00e1 destinada a dar a conocer el potencial cultural, productivo, arquitect\u00f3nico y paisaj\u00edstico de cada uno de los municipios que integran la regi\u00f3n,\u00a0el Gobierno de Colombia por intermedio del Ministerio de Tecnolog\u00edas de la informaci\u00f3n y las Comunicaciones y mediante Resoluci\u00f3n 1821 de julio 4 de 2018, autoriz\u00f3 la emisi\u00f3n postal <strong>\u201cRegi\u00f3n del Catatumbo y Provincia de Oca\u00f1a\u201d.<\/strong><\/p>\n<p><strong>Acto protocolario<\/strong>. El acto protocolario del lanzamiento de la emisi\u00f3n postal <strong>\u201cRegi\u00f3n del Catatumbo y Provincia de Oca\u00f1a\u201d<\/strong> tuvo lugar el 17 de agosto de 2018 y cont\u00f3 con la presencia de las autoridades locales, del presidente de Servicios Postales Nacionales 4-72 y de invitados especiales.<\/p>\n<p><strong>La emisi\u00f3n<\/strong>. La emisi\u00f3n postal <strong>\u201cRegi\u00f3n del Catatumbo y Provincia de Oca\u00f1a\u201d<\/strong> consta de 27.208 hojas bloque, para un total de 163.248 estampillas. La emisi\u00f3n contiene adem\u00e1s la carpeta, el bolet\u00edn informativo y dos sobre de primer d\u00eda.<\/p>\n<p><strong><a href=\"https:\/\/www.afitecol.com\/wp-content\/uploads\/2018\/09\/Catatumbo03-1024x716.jpg\" target=\"_blank\"><img loading=\"lazy\" decoding=\"async\" class=\"alignnone size-large wp-image-12607\" style=\"border: 0px; margin: 5px;\" title=\"Catatumbo03\" src=\"https:\/\/www.afitecol.com\/wp-content\/uploads\/2018\/09\/Catatumbo03-1024x716.jpg\" alt=\"Catatumbo03\" width=\"133\" height=\"93\" srcset=\"https:\/\/www.afitecol.com\/wp-content\/uploads\/2018\/09\/Catatumbo03-1024x716.jpg 1024w, https:\/\/www.afitecol.com\/wp-content\/uploads\/2018\/09\/Catatumbo03-300x210.jpg 300w, https:\/\/www.afitecol.com\/wp-content\/uploads\/2018\/09\/Catatumbo03.jpeg 1067w\" sizes=\"(max-width: 133px) 85vw, 133px\" \/><\/a>La hoja bloque<\/strong>. La hoja bloque, numerada, contiene 6 estampillas. La hoja bloque lleva en la parte superior el titulo de la emisi\u00f3n postal <strong>\u201cRegi\u00f3n del Catatumbo y Provincia de Oca\u00f1a\u201d<\/strong> y el nombre del departamento colombiano al que pertenece: Norte de Santander.<\/p>\n<p><strong>Las estampillas<\/strong>. Las estampillas en tama\u00f1o de 40 x 30 mm, en policrom\u00eda, m\u00e1s una tinta especial fluorescente invisible, en papel Truwhite y goma PVA, tienen un valor facial de $ 1.000.<\/p>\n<p><strong>Las estampillas<\/strong>. Las estampillas representan algunos de los motivos m\u00e1s representativos de la regi\u00f3n y se escogieron mediante un trabajo de an\u00e1lisis hecho por los alcaldes que hacen parte de la Asociaci\u00f3n de Municipios de la provincia de Oca\u00f1a y el Catatumbo, junto con la jefatura Nacional de Filatelia de 4-72.<\/p>\n<p><strong><a href=\"https:\/\/www.afitecol.com\/wp-content\/uploads\/2018\/09\/Catatumbo1A.png\"><img loading=\"lazy\" decoding=\"async\" class=\"alignnone size-full wp-image-12500\" style=\"border: 0px; margin: 5px;\" title=\"Catatumbo1A\" src=\"https:\/\/www.afitecol.com\/wp-content\/uploads\/2018\/09\/Catatumbo1A.png\" alt=\"Catatumbo1A\" width=\"80\" height=\"60\" srcset=\"https:\/\/www.afitecol.com\/wp-content\/uploads\/2018\/09\/Catatumbo1A.png 374w, https:\/\/www.afitecol.com\/wp-content\/uploads\/2018\/09\/Catatumbo1A-300x222.png 300w\" sizes=\"(max-width: 80px) 85vw, 80px\" \/><\/a>Rio Catatumbo. El Tarra.<\/strong><br \/>\n<strong><a href=\"https:\/\/www.afitecol.com\/wp-content\/uploads\/2018\/09\/Catatumbo1B.png\" target=\"_blank\"><img loading=\"lazy\" decoding=\"async\" class=\"alignnone size-full wp-image-12501\" style=\"border: 0px; margin: 5px;\" title=\"Catatumbo1B\" src=\"https:\/\/www.afitecol.com\/wp-content\/uploads\/2018\/09\/Catatumbo1B.png\" alt=\"Catatumbo1B\" width=\"80\" height=\"60\" srcset=\"https:\/\/www.afitecol.com\/wp-content\/uploads\/2018\/09\/Catatumbo1B.png 377w, https:\/\/www.afitecol.com\/wp-content\/uploads\/2018\/09\/Catatumbo1B-300x226.png 300w\" sizes=\"(max-width: 80px) 85vw, 80px\" \/><\/a>Cultivo de pi\u00f1a. Teoroma<\/strong><br \/>\n<strong><a href=\"https:\/\/www.afitecol.com\/wp-content\/uploads\/2018\/09\/Catatumbo1C.png\" target=\"_blank\"><img loading=\"lazy\" decoding=\"async\" class=\"alignnone size-full wp-image-12502\" style=\"border: 0px; margin: 5px;\" title=\"Catatumbo1C\" src=\"https:\/\/www.afitecol.com\/wp-content\/uploads\/2018\/09\/Catatumbo1C.png\" alt=\"Catatumbo1C\" width=\"80\" height=\"60\" srcset=\"https:\/\/www.afitecol.com\/wp-content\/uploads\/2018\/09\/Catatumbo1C.png 379w, https:\/\/www.afitecol.com\/wp-content\/uploads\/2018\/09\/Catatumbo1C-300x226.png 300w\" sizes=\"(max-width: 80px) 85vw, 80px\" \/><\/a>Cultivo de fr\u00edjol rosado. Abrego<\/strong><br \/>\n<strong><a href=\"https:\/\/www.afitecol.com\/wp-content\/uploads\/2018\/09\/Catatumbo1D.png\" target=\"_blank\"><img loading=\"lazy\" decoding=\"async\" class=\"alignnone size-full wp-image-12503\" style=\"border: 0px; margin: 5px;\" title=\"Catatumbo1D\" src=\"https:\/\/www.afitecol.com\/wp-content\/uploads\/2018\/09\/Catatumbo1D.png\" alt=\"Catatumbo1D\" width=\"80\" height=\"60\" srcset=\"https:\/\/www.afitecol.com\/wp-content\/uploads\/2018\/09\/Catatumbo1D.png 375w, https:\/\/www.afitecol.com\/wp-content\/uploads\/2018\/09\/Catatumbo1D-300x229.png 300w\" sizes=\"(max-width: 80px) 85vw, 80px\" \/><\/a>P\u00e1ramo de Guerrero<\/strong>. <strong>Cachira y Villa Caro<\/strong><br \/>\n<strong><a href=\"https:\/\/www.afitecol.com\/wp-content\/uploads\/2018\/09\/Catatumbo1E.png\"><img loading=\"lazy\" decoding=\"async\" class=\"alignnone size-full wp-image-12504\" style=\"border: 0px; margin: 5px;\" title=\"Catatumbo1E\" src=\"https:\/\/www.afitecol.com\/wp-content\/uploads\/2018\/09\/Catatumbo1E.png\" alt=\"Catatumbo1E\" width=\"80\" height=\"60\" srcset=\"https:\/\/www.afitecol.com\/wp-content\/uploads\/2018\/09\/Catatumbo1E.png 376w, https:\/\/www.afitecol.com\/wp-content\/uploads\/2018\/09\/Catatumbo1E-300x222.png 300w\" sizes=\"(max-width: 80px) 85vw, 80px\" \/><\/a>Complejo hist\u00f3rico Gran Convenci\u00f3n.<\/strong> <strong>Oca\u00f1a<\/strong><br \/>\n<strong><a href=\"https:\/\/www.afitecol.com\/wp-content\/uploads\/2018\/09\/Catatumbo1F.png\" target=\"_blank\"><img loading=\"lazy\" decoding=\"async\" class=\"alignnone size-full wp-image-12505\" style=\"border: 0px; margin: 5px;\" title=\"Catatumbo1F\" src=\"https:\/\/www.afitecol.com\/wp-content\/uploads\/2018\/09\/Catatumbo1F.png\" alt=\"Catatumbo1F\" width=\"80\" height=\"60\" srcset=\"https:\/\/www.afitecol.com\/wp-content\/uploads\/2018\/09\/Catatumbo1F.png 381w, https:\/\/www.afitecol.com\/wp-content\/uploads\/2018\/09\/Catatumbo1F-300x225.png 300w\" sizes=\"(max-width: 80px) 85vw, 80px\" \/><\/a>Estoraques. La playa de Bel\u00e9n <\/strong><\/p>\n<p><strong><a href=\"https:\/\/www.afitecol.com\/wp-content\/uploads\/2018\/09\/Catatumbo2-1024x522.png\" target=\"_blank\"><img loading=\"lazy\" decoding=\"async\" class=\"alignnone size-large wp-image-12506\" style=\"border: 0px; margin: 5px;\" title=\"Catatumbo2\" src=\"https:\/\/www.afitecol.com\/wp-content\/uploads\/2018\/09\/Catatumbo2-1024x522.png\" alt=\"Catatumbo2\" width=\"133\" height=\"68\" srcset=\"https:\/\/www.afitecol.com\/wp-content\/uploads\/2018\/09\/Catatumbo2-1024x522.png 1024w, https:\/\/www.afitecol.com\/wp-content\/uploads\/2018\/09\/Catatumbo2-300x152.png 300w, https:\/\/www.afitecol.com\/wp-content\/uploads\/2018\/09\/Catatumbo2.png 1202w\" sizes=\"(max-width: 133px) 85vw, 133px\" \/><\/a> <a href=\"https:\/\/www.afitecol.com\/wp-content\/uploads\/2018\/09\/Catatumbo3-1024x523.png\" target=\"_blank\"><img loading=\"lazy\" decoding=\"async\" class=\"alignnone size-large wp-image-12507\" style=\"border: 0px; margin: 5px;\" title=\"Catatumbo3\" src=\"https:\/\/www.afitecol.com\/wp-content\/uploads\/2018\/09\/Catatumbo3-1024x523.png\" alt=\"Catatumbo3\" width=\"133\" height=\"68\" srcset=\"https:\/\/www.afitecol.com\/wp-content\/uploads\/2018\/09\/Catatumbo3-1024x523.png 1024w, https:\/\/www.afitecol.com\/wp-content\/uploads\/2018\/09\/Catatumbo3-300x153.png 300w, https:\/\/www.afitecol.com\/wp-content\/uploads\/2018\/09\/Catatumbo3.png 1200w\" sizes=\"(max-width: 133px) 85vw, 133px\" \/><\/a>El sobre de primer d\u00eda<\/strong>. Se imprimieron 600 sobres numerados de primer d\u00eda de servicio, para cada uno de los grupos de tres estampillas. El primer d\u00eda de servicio fue el 17 de agosto de 2018 y fue matasellado en la ciudad de Oca\u00f1a, Norte de Santander, Colombia.<\/p>\n","protected":false},"excerpt":{"rendered":"<p>La regi\u00f3n colombiana del Catatumbo est\u00e1 ubicada en el noreste del departamento de Norte de Santander, Colombia y est\u00e1 conformada por 11 municipios, entre los cuales se encuentra el municipio de Oca\u00f1a. El nombre de Catatumbo lo recibe del principal r\u00edo que la recorre la regi\u00f3n, el Rio Catatumbo. La regi\u00f3n del Catatumbo presenta una &hellip; <a href=\"https:\/\/www.afitecol.com\/?p=12495\" class=\"more-link\">Continuar leyendo<span class=\"screen-reader-text\"> \u00abEmisi\u00f3n postal: \u201cRegi\u00f3n del Catatumbo y Provincia de Oca\u00f1a\u201d\u00bb<\/span><\/a><\/p>\n","protected":false},"author":2,"featured_media":0,"comment_status":"open","ping_status":"closed","sticky":false,"template":"","format":"standard","meta":{"footnotes":""},"categories":[5],"tags":[],"class_list":["post-12495","post","type-post","status-publish","format-standard","hentry","category-emisiones"],"_links":{"self":[{"href":"https:\/\/www.afitecol.com\/index.php?rest_route=\/wp\/v2\/posts\/12495"}],"collection":[{"href":"https:\/\/www.afitecol.com\/index.php?rest_route=\/wp\/v2\/posts"}],"about":[{"href":"https:\/\/www.afitecol.com\/index.php?rest_route=\/wp\/v2\/types\/post"}],"author":[{"embeddable":true,"href":"https:\/\/www.afitecol.com\/index.php?rest_route=\/wp\/v2\/users\/2"}],"replies":[{"embeddable":true,"href":"https:\/\/www.afitecol.com\/index.php?rest_route=%2Fwp%2Fv2%2Fcomments&post=12495"}],"version-history":[{"count":17,"href":"https:\/\/www.afitecol.com\/index.php?rest_route=\/wp\/v2\/posts\/12495\/revisions"}],"predecessor-version":[{"id":12605,"href":"https:\/\/www.afitecol.com\/index.php?rest_route=\/wp\/v2\/posts\/12495\/revisions\/12605"}],"wp:attachment":[{"href":"https:\/\/www.afitecol.com\/index.php?rest_route=%2Fwp%2Fv2%2Fmedia&parent=12495"}],"wp:term":[{"taxonomy":"category","embeddable":true,"href":"https:\/\/www.afitecol.com\/index.php?rest_route=%2Fwp%2Fv2%2Fcategories&post=12495"},{"taxonomy":"post_tag","embeddable":true,"href":"https:\/\/www.afitecol.com\/index.php?rest_route=%2Fwp%2Fv2%2Ftags&post=12495"}],"curies":[{"name":"wp","href":"https:\/\/api.w.org\/{rel}","templated":true}]}}