{"id":12488,"date":"2018-09-13T15:51:35","date_gmt":"2018-09-13T15:51:35","guid":{"rendered":"http:\/\/www.afitecol.com\/?p=12488"},"modified":"2022-02-13T12:49:35","modified_gmt":"2022-02-13T17:49:35","slug":"emision-postal-%e2%80%9cbatallon-guardia-presidencial-90-anos%e2%80%9d","status":"publish","type":"post","link":"https:\/\/www.afitecol.com\/?p=12488","title":{"rendered":"Emisi\u00f3n postal: \u201cBatall\u00f3n Guardia Presidencial 90 a\u00f1os\u201d"},"content":{"rendered":"<p><a href=\"https:\/\/www.afitecol.com\/wp-content\/uploads\/2018\/09\/Batallon1.jpeg\"><img loading=\"lazy\" decoding=\"async\" class=\"alignleft  wp-image-15905\" src=\"https:\/\/www.afitecol.com\/wp-content\/uploads\/2018\/09\/Batallon1.jpeg\" alt=\"\" width=\"171\" height=\"173\" srcset=\"https:\/\/www.afitecol.com\/wp-content\/uploads\/2018\/09\/Batallon1.jpeg 777w, https:\/\/www.afitecol.com\/wp-content\/uploads\/2018\/09\/Batallon1-297x300.jpeg 297w, https:\/\/www.afitecol.com\/wp-content\/uploads\/2018\/09\/Batallon1-768x776.jpeg 768w\" sizes=\"(max-width: 171px) 85vw, 171px\" \/><\/a><a href=\"https:\/\/www.afitecol.com\/wp-content\/uploads\/2018\/09\/Batallon2.jpeg\"><img loading=\"lazy\" decoding=\"async\" class=\"alignleft  wp-image-15906\" src=\"https:\/\/www.afitecol.com\/wp-content\/uploads\/2018\/09\/Batallon2.jpeg\" alt=\"\" width=\"169\" height=\"171\" srcset=\"https:\/\/www.afitecol.com\/wp-content\/uploads\/2018\/09\/Batallon2.jpeg 777w, https:\/\/www.afitecol.com\/wp-content\/uploads\/2018\/09\/Batallon2-297x300.jpeg 297w, https:\/\/www.afitecol.com\/wp-content\/uploads\/2018\/09\/Batallon2-768x776.jpeg 768w\" sizes=\"(max-width: 169px) 85vw, 169px\" \/><\/a>El <strong>Batall\u00f3n Guardia Presidencial<\/strong>, que tiene como misi\u00f3n mantener la seguridad del presidente de la Rep\u00fablica de Colombia, su familia y su residencia oficial, la Casa de Nari\u00f1o, fue creado el 7 de diciembre de 1927 en la presidencia de <strong>Miguel Abad\u00eda M\u00e9ndez<\/strong>.<\/p>\n<p>Mediante el Decreto 1945 del 7 de diciembre de 1927 se cre\u00f3 la <strong>\u201cGuardia de Honor del Presidente de la Rep\u00fablica\u201d<\/strong>, destinada a salvaguardar el Palacio Presidencial.<\/p>\n<p>Su organizaci\u00f3n tuvo lugar el <strong>16 de agosto de 1928<\/strong>, y mediante el <strong>Decreto N\u00b0 367<\/strong> se determin\u00f3 la composici\u00f3n y funciones de la Guardia de Honor del Presidente de la Rep\u00fablica, y se le dio el nombre con el que se conoce en la actualidad: <strong>Batall\u00f3n Guardia Presidencial<\/strong>.<\/p>\n<p>El <strong>Batall\u00f3n Guardia Presidencial<\/strong>, tiene una organizaci\u00f3n especial en el ej\u00e9rcito, con una representaci\u00f3n de las cuatro armas y sus unidades se denominan de Artiller\u00eda,\u00a0Caballer\u00eda, Infanter\u00eda e Ingenieros.<\/p>\n<p>Para conmemorar los <strong>90 a\u00f1os del Batall\u00f3n Guarda Presidencial<\/strong>, que a lo largo de su historia se presenta como la barrera humana infranqueable que con sus lemas <strong><em>\u00abEn defensa del honor hasta la muerte\u00bb y \u00abLa Guardia muere, pero no se Rinde<\/em><\/strong>\u00ab, defiende la vida de los l\u00edderes de la Naci\u00f3n y protege a la Rep\u00fablica de Colombia, el Gobierno de Colombia por intermedio del Ministerio de Tecnolog\u00edas de la informaci\u00f3n y las Comunicaciones autoriz\u00f3 la emisi\u00f3n postal denominada<strong>\u201cBatall\u00f3n Guardia Presidencial 90 a\u00f1os\u201d<\/strong>, mediante la Resoluci\u00f3n N\u00b0 1819 del 4 de julio de 2018.<\/p>\n<p><strong>Acto protocolario<\/strong>. El acto protocolario del lanzamiento de la emisi\u00f3n postal <strong>\u201cBatall\u00f3n Guardia Presidencial 90 a\u00f1os\u201d<\/strong>, tuvo lugar dentro de los actos programados para conmemorar los 90 a\u00f1os de vida de la instituci\u00f3n con la presencia del Presidente de la Republica y los altos mandos militares.<\/p>\n<p><strong>La emisi\u00f3n<\/strong>. La emisi\u00f3n postal <strong>\u201cBatall\u00f3n Guardia Presidencial 90 a\u00f1os\u201d<\/strong> consta de 16.380 hojas bloque, para un total de 327.060 estampillas. \u00a0La emisi\u00f3n contiene adem\u00e1s la carpeta, el bolet\u00edn informativo y el sobre de primer d\u00eda.<\/p>\n<p><strong><a href=\"https:\/\/www.afitecol.com\/wp-content\/uploads\/2018\/09\/GuardiaPresidencialBloque.jpeg\" target=\"_blank\" rel=\"noopener noreferrer\"><img loading=\"lazy\" decoding=\"async\" class=\"alignnone size-full wp-image-12865\" style=\"border: 0px; margin: 5px;\" title=\"GuardiaPresidencialBloque\" src=\"https:\/\/www.afitecol.com\/wp-content\/uploads\/2018\/09\/GuardiaPresidencialBloque.jpeg\" alt=\"GuardiaPresidencialBloque\" width=\"84\" height=\"105\" srcset=\"https:\/\/www.afitecol.com\/wp-content\/uploads\/2018\/09\/GuardiaPresidencialBloque.jpeg 646w, https:\/\/www.afitecol.com\/wp-content\/uploads\/2018\/09\/GuardiaPresidencialBloque-239x300.jpg 239w\" sizes=\"(max-width: 84px) 85vw, 84px\" \/><\/a>La hoja bloque<\/strong>. La hoja bloque, numerada, contiene 20 estampillas. La hoja bloque lleva en la parte superior el escudo de la instituci\u00f3n, el nombre Batall\u00f3n Guardia Presidencial y el objetivo de la emisi\u00f3n, la conmemoraci\u00f3n de los 90 a\u00f1os.<\/p>\n<p><strong>Las estampillas<\/strong>. Las estampillas en tama\u00f1o de 30 x 40 mm, en policrom\u00eda, m\u00e1s una tinta especial fluorescente invisible, en papel Truwhite y goma PVA, tienen un valor facial de $ 200.<\/p>\n<p><strong><a href=\"https:\/\/www.afitecol.com\/wp-content\/uploads\/2018\/09\/EmisionGuardiaPres4.png\"><img loading=\"lazy\" decoding=\"async\" class=\"alignnone size-full wp-image-12491\" style=\"border: 0px; margin: 5px;\" title=\"EmisionGuardiaPres4\" src=\"https:\/\/www.afitecol.com\/wp-content\/uploads\/2018\/09\/EmisionGuardiaPres4.png\" alt=\"EmisionGuardiaPres4\" width=\"48\" height=\"62\" \/><\/a>La estampilla<\/strong>. La estampilla lleva la imagen de un miembro de la Guardia Presidencial en posici\u00f3n del cumplimento de su misi\u00f3n.<\/p>\n<p><strong><a href=\"https:\/\/www.afitecol.com\/wp-content\/uploads\/2018\/09\/BatallonGuardiaPres2.png\"><img loading=\"lazy\" decoding=\"async\" class=\"alignnone size-large wp-image-12492\" style=\"border: 0px; margin: 5px;\" title=\"BatallonGuardiaPres2\" src=\"https:\/\/www.afitecol.com\/wp-content\/uploads\/2018\/09\/BatallonGuardiaPres2-1024x524.png\" alt=\"BatallonGuardiaPres2\" width=\"133\" height=\"68\" srcset=\"https:\/\/www.afitecol.com\/wp-content\/uploads\/2018\/09\/BatallonGuardiaPres2-1024x524.png 1024w, https:\/\/www.afitecol.com\/wp-content\/uploads\/2018\/09\/BatallonGuardiaPres2-300x153.png 300w, https:\/\/www.afitecol.com\/wp-content\/uploads\/2018\/09\/BatallonGuardiaPres2.png 1186w\" sizes=\"(max-width: 133px) 85vw, 133px\" \/><\/a>El sobre de primer d\u00eda<\/strong>. Se imprimieron 600 sobres numerados de primer d\u00eda de servicio. El primer d\u00eda de servicio fue el 13 de agosto de 2018 y fue matasellado en la ciudad de Bogot\u00e1, D.C., Colombia.<\/p>\n","protected":false},"excerpt":{"rendered":"<p>El Batall\u00f3n Guardia Presidencial, que tiene como misi\u00f3n mantener la seguridad del presidente de la Rep\u00fablica de Colombia, su familia y su residencia oficial, la Casa de Nari\u00f1o, fue creado el 7 de diciembre de 1927 en la presidencia de Miguel Abad\u00eda M\u00e9ndez. Mediante el Decreto 1945 del 7 de diciembre de 1927 se cre\u00f3 &hellip; <a href=\"https:\/\/www.afitecol.com\/?p=12488\" class=\"more-link\">Continuar leyendo<span class=\"screen-reader-text\"> \u00abEmisi\u00f3n postal: \u201cBatall\u00f3n Guardia Presidencial 90 a\u00f1os\u201d\u00bb<\/span><\/a><\/p>\n","protected":false},"author":2,"featured_media":0,"comment_status":"open","ping_status":"closed","sticky":false,"template":"","format":"standard","meta":{"footnotes":""},"categories":[5],"tags":[],"class_list":["post-12488","post","type-post","status-publish","format-standard","hentry","category-emisiones"],"_links":{"self":[{"href":"https:\/\/www.afitecol.com\/index.php?rest_route=\/wp\/v2\/posts\/12488"}],"collection":[{"href":"https:\/\/www.afitecol.com\/index.php?rest_route=\/wp\/v2\/posts"}],"about":[{"href":"https:\/\/www.afitecol.com\/index.php?rest_route=\/wp\/v2\/types\/post"}],"author":[{"embeddable":true,"href":"https:\/\/www.afitecol.com\/index.php?rest_route=\/wp\/v2\/users\/2"}],"replies":[{"embeddable":true,"href":"https:\/\/www.afitecol.com\/index.php?rest_route=%2Fwp%2Fv2%2Fcomments&post=12488"}],"version-history":[{"count":12,"href":"https:\/\/www.afitecol.com\/index.php?rest_route=\/wp\/v2\/posts\/12488\/revisions"}],"predecessor-version":[{"id":12602,"href":"https:\/\/www.afitecol.com\/index.php?rest_route=\/wp\/v2\/posts\/12488\/revisions\/12602"}],"wp:attachment":[{"href":"https:\/\/www.afitecol.com\/index.php?rest_route=%2Fwp%2Fv2%2Fmedia&parent=12488"}],"wp:term":[{"taxonomy":"category","embeddable":true,"href":"https:\/\/www.afitecol.com\/index.php?rest_route=%2Fwp%2Fv2%2Fcategories&post=12488"},{"taxonomy":"post_tag","embeddable":true,"href":"https:\/\/www.afitecol.com\/index.php?rest_route=%2Fwp%2Fv2%2Ftags&post=12488"}],"curies":[{"name":"wp","href":"https:\/\/api.w.org\/{rel}","templated":true}]}}