{"id":12478,"date":"2018-09-11T09:19:42","date_gmt":"2018-09-11T09:19:42","guid":{"rendered":"http:\/\/www.afitecol.com\/?p=12478"},"modified":"2021-08-18T18:41:05","modified_gmt":"2021-08-18T23:41:05","slug":"emision-postal-%e2%80%9corquideas-endemicas-de-colombia%e2%80%9d","status":"publish","type":"post","link":"https:\/\/www.afitecol.com\/?p=12478","title":{"rendered":"Emisi\u00f3n Postal: \u201cOrqu\u00eddeas end\u00e9micas de Colombia. Primera Serie\u00bb"},"content":{"rendered":"<p><a href=\"https:\/\/www.afitecol.com\/wp-content\/uploads\/2018\/09\/Orquideas01-760x1024.jpg\" target=\"_blank\" rel=\"noopener noreferrer\"><img loading=\"lazy\" decoding=\"async\" class=\"alignnone size-large wp-image-12616\" style=\"margin: 5px; border: 0px;\" title=\"Orquideas01\" src=\"https:\/\/www.afitecol.com\/wp-content\/uploads\/2018\/09\/Orquideas01-760x1024.jpg\" alt=\"Orquideas01\" width=\"101\" height=\"133\" \/><\/a> <a href=\"https:\/\/www.afitecol.com\/wp-content\/uploads\/2018\/09\/Orquideas03-760x1024.jpg\" target=\"_blank\" rel=\"noopener noreferrer\"><img loading=\"lazy\" decoding=\"async\" class=\"alignnone size-large wp-image-12618\" style=\"border: 0px; margin: 5px;\" title=\"Orquideas03\" src=\"https:\/\/www.afitecol.com\/wp-content\/uploads\/2018\/09\/Orquideas03-760x1024.jpg\" alt=\"Orquideas03\" width=\"101\" height=\"133\" \/><\/a> <a href=\"https:\/\/www.afitecol.com\/wp-content\/uploads\/2018\/09\/Orquideas02.jpeg\"><img loading=\"lazy\" decoding=\"async\" class=\"alignnone size-large wp-image-12620\" style=\"border: 0px; margin: 5px;\" title=\"Orquideas02\" src=\"https:\/\/www.afitecol.com\/wp-content\/uploads\/2018\/09\/Orquideas02-760x1024.jpg\" alt=\"Orquideas02\" width=\"111\" height=\"133\" \/><\/a> Las <strong>orqu\u00eddeas<\/strong>, pertenecientes a la <strong>familia bot\u00e1nica Orchidaceae<\/strong>, son un grupo de plantas bastante heterog\u00e9neo respecto a la gran cantidad de formas y colores que poseen, y al n\u00famero de especies que se conocen.<\/p>\n<p>Las <strong>orqu\u00eddeas<\/strong> constituyen uno de los grupos m\u00e1s numerosos del reino vegetal, siendo una de las caracter\u00edsticas su belleza. Diversas sociedades profesionales mencionan que existen entre 30.000 y 35.000 especies, sin contar m\u00e1s de 60.000 h\u00edbridos cultivados a nivel mundial.<\/p>\n<p>Las <strong>orqu\u00eddeas<\/strong> han sido motivo de admiraci\u00f3n en todo el globo terr\u00e1queo, debido a que se desarrollan en una variedad de ecosistemas y pisos t\u00e9rmicos. Se encuentran presentes en casi todos los ecosistemas del planeta, excepto en las regiones con nieves perpetuas o en ambientes extremadamente des\u00e9rticos.<\/p>\n<p>En <strong>Colombia<\/strong> las <strong>orqu\u00eddeas<\/strong> se pueden encontrarlas desde el nivel del mar hasta los p\u00e1ramos y las grandes altitudes que hay en el pa\u00eds, lo cual genera una cantidad de h\u00e1bitats favorables para su crecimiento.<\/p>\n<p>El mayor n\u00famero de <strong>especies end\u00e9micas, 944<\/strong> las reportadas, crecen en especial en la regi\u00f3n andina del territorio colombiano.<\/p>\n<p>Las <strong>orqu\u00eddeas<\/strong> sobresalen por una serie de caracter\u00edsticas que la hacen llamativas y \u00fanicas: la rareza de sus flores, sus formas, la variedad de tama\u00f1os, aromas, texturas y colores, como se puede observar en las estampillas que forman la presente emisi\u00f3n postal denominada \u201cOrqu\u00eddeas end\u00e9micas de Colombia\u201d.<\/p>\n<p>Para resaltar la importancia que tiene Colombia como el pa\u00eds con la mayor diversidad de orqu\u00eddeas del planeta, en donde hasta el momento se han registrado 4.270 especies, de las cu\u00e1les <strong>1.572 son end\u00e9micas<\/strong>, esto es propias de Colombia, lo cual hace que se ubique a nuestro pa\u00eds en el primer puesto en riqueza de este tipo de plantas en el mundo, el Gobierno de Colombia, por intermedio del Ministerio de Tecnolog\u00edas de la Informaci\u00f3n y las Comunicaciones, mediante Resoluci\u00f3n N\u00ba 912 del 26 de marzo de 2018, autoriz\u00f3 la emisi\u00f3n postal <strong>\u201cOrqu\u00eddeas end\u00e9micas de Colombia\u201d<\/strong>.<\/p>\n<p><strong>Acto protocolario<\/strong>. El acto protocolario del lanzamiento de la emisi\u00f3n postal <strong>\u201cOrqu\u00eddeas end\u00e9micas de Colombia\u201d<\/strong>, se realizo en el marco de la Feria de las Flores 2018 celebrada en Medell\u00edn, Colombia.<\/p>\n<p><strong>La emisi\u00f3n<\/strong>. La emisi\u00f3n postal <strong>\u201cOrqu\u00eddeas end\u00e9micas de Colombia\u201d<\/strong> consta de 14.653 hojas bloque, para un total de 293.060 estampillas. La emisi\u00f3n contiene adem\u00e1s la carpeta, el bolet\u00edn informativo y cinco sobres de primer d\u00eda.<\/p>\n<p><strong><a href=\"https:\/\/www.afitecol.com\/wp-content\/uploads\/2018\/09\/Orquideas04-856x1024.jpg\" target=\"_blank\" rel=\"noopener noreferrer\"><img loading=\"lazy\" decoding=\"async\" class=\"alignnone size-large wp-image-12621\" style=\"border: 0px; margin: 5px;\" title=\"Orquideas04\" src=\"https:\/\/www.afitecol.com\/wp-content\/uploads\/2018\/09\/Orquideas04-856x1024.jpg\" alt=\"Orquideas04\" width=\"111\" height=\"133\" srcset=\"https:\/\/www.afitecol.com\/wp-content\/uploads\/2018\/09\/Orquideas04-856x1024.jpg 856w, https:\/\/www.afitecol.com\/wp-content\/uploads\/2018\/09\/Orquideas04-250x300.jpg 250w, https:\/\/www.afitecol.com\/wp-content\/uploads\/2018\/09\/Orquideas04.jpeg 1096w\" sizes=\"(max-width: 111px) 85vw, 111px\" \/><\/a>La hoja bloque<\/strong>. La hoja bloque, numerada, contiene 20 estampillas. La hoja bloque lleva en el inter espacio del grupo de estampillas el t\u00edtulo de la emisi\u00f3n postal <strong>\u201cOrqu\u00eddeas end\u00e9micas de Colombia\u201d<\/strong>.<\/p>\n<p><strong>Las estampillas<\/strong>. Las estampillas en tama\u00f1o de 30 x 25.5 mm, en policrom\u00eda, m\u00e1s una tinta especial fluorescente invisible, en papel Truwhite y goma PVA, tienen un valor facial de $ 500.<\/p>\n<p><strong>La estampilla<\/strong>. La estampilla lleva la imagen de la orqu\u00eddea end\u00e9mica, acompa\u00f1ada del nombre cient\u00edfico correspondiente.<\/p>\n<p>El dise\u00f1o estuvo a cargo de M\u00f3nica Vargas Moore.<\/p>\n<p><strong><a href=\"https:\/\/www.afitecol.com\/wp-content\/uploads\/2018\/09\/Orquideas2.png\"><img loading=\"lazy\" decoding=\"async\" class=\"alignnone size-large wp-image-12481\" style=\"border: 0px; margin: 5px;\" title=\"Orquideas2\" src=\"https:\/\/www.afitecol.com\/wp-content\/uploads\/2018\/09\/Orquideas2-1024x525.png\" alt=\"Orquideas2\" width=\"133\" height=\"68\" srcset=\"https:\/\/www.afitecol.com\/wp-content\/uploads\/2018\/09\/Orquideas2-1024x525.png 1024w, https:\/\/www.afitecol.com\/wp-content\/uploads\/2018\/09\/Orquideas2-300x153.png 300w, https:\/\/www.afitecol.com\/wp-content\/uploads\/2018\/09\/Orquideas2.png 1199w\" sizes=\"(max-width: 133px) 85vw, 133px\" \/><\/a> <a href=\"https:\/\/www.afitecol.com\/wp-content\/uploads\/2018\/09\/Orquideas3.png\"><img loading=\"lazy\" decoding=\"async\" class=\"alignnone size-large wp-image-12482\" style=\"border: 0px; margin: 5px;\" title=\"Orquideas3\" src=\"https:\/\/www.afitecol.com\/wp-content\/uploads\/2018\/09\/Orquideas3-1024x523.png\" alt=\"Orquideas3\" width=\"133\" height=\"68\" srcset=\"https:\/\/www.afitecol.com\/wp-content\/uploads\/2018\/09\/Orquideas3-1024x523.png 1024w, https:\/\/www.afitecol.com\/wp-content\/uploads\/2018\/09\/Orquideas3-300x153.png 300w, https:\/\/www.afitecol.com\/wp-content\/uploads\/2018\/09\/Orquideas3.png 1200w\" sizes=\"(max-width: 133px) 85vw, 133px\" \/><\/a> <a href=\"https:\/\/www.afitecol.com\/wp-content\/uploads\/2018\/09\/Orquideas4.png\"><img loading=\"lazy\" decoding=\"async\" class=\"alignnone size-large wp-image-12483\" style=\"border: 0px; margin: 5px;\" title=\"Orquideas4\" src=\"https:\/\/www.afitecol.com\/wp-content\/uploads\/2018\/09\/Orquideas4-1024x526.png\" alt=\"Orquideas4\" width=\"133\" height=\"68\" srcset=\"https:\/\/www.afitecol.com\/wp-content\/uploads\/2018\/09\/Orquideas4-1024x526.png 1024w, https:\/\/www.afitecol.com\/wp-content\/uploads\/2018\/09\/Orquideas4-300x154.png 300w, https:\/\/www.afitecol.com\/wp-content\/uploads\/2018\/09\/Orquideas4.png 1203w\" sizes=\"(max-width: 133px) 85vw, 133px\" \/><\/a> <a href=\"https:\/\/www.afitecol.com\/wp-content\/uploads\/2018\/09\/Orquideas5.png\"><img loading=\"lazy\" decoding=\"async\" class=\"alignnone size-large wp-image-12484\" style=\"border: 0px; margin: 5px;\" title=\"Orquideas5\" src=\"https:\/\/www.afitecol.com\/wp-content\/uploads\/2018\/09\/Orquideas5-1024x521.png\" alt=\"Orquideas5\" width=\"133\" height=\"68\" srcset=\"https:\/\/www.afitecol.com\/wp-content\/uploads\/2018\/09\/Orquideas5-1024x521.png 1024w, https:\/\/www.afitecol.com\/wp-content\/uploads\/2018\/09\/Orquideas5-300x152.png 300w, https:\/\/www.afitecol.com\/wp-content\/uploads\/2018\/09\/Orquideas5.png 1209w\" sizes=\"(max-width: 133px) 85vw, 133px\" \/><\/a>El sobre de primer d\u00eda<\/strong>. Se imprimieron 600 sobres numerados de primer d\u00eda de servicio, para cada uno de los grupos de cuatro estampillas. El primer d\u00eda de servicio fue el 9 de agosto de 2018 y fue matasellado en la ciudad de Medell\u00edn, Colombia.<\/p>\n","protected":false},"excerpt":{"rendered":"<p>Las orqu\u00eddeas, pertenecientes a la familia bot\u00e1nica Orchidaceae, son un grupo de plantas bastante heterog\u00e9neo respecto a la gran cantidad de formas y colores que poseen, y al n\u00famero de especies que se conocen. Las orqu\u00eddeas constituyen uno de los grupos m\u00e1s numerosos del reino vegetal, siendo una de las caracter\u00edsticas su belleza. Diversas sociedades &hellip; <a href=\"https:\/\/www.afitecol.com\/?p=12478\" class=\"more-link\">Continuar leyendo<span class=\"screen-reader-text\"> \u00abEmisi\u00f3n Postal: \u201cOrqu\u00eddeas end\u00e9micas de Colombia. Primera Serie\u00bb\u00bb<\/span><\/a><\/p>\n","protected":false},"author":2,"featured_media":0,"comment_status":"open","ping_status":"closed","sticky":false,"template":"","format":"standard","meta":{"footnotes":""},"categories":[5],"tags":[],"class_list":["post-12478","post","type-post","status-publish","format-standard","hentry","category-emisiones"],"_links":{"self":[{"href":"https:\/\/www.afitecol.com\/index.php?rest_route=\/wp\/v2\/posts\/12478"}],"collection":[{"href":"https:\/\/www.afitecol.com\/index.php?rest_route=\/wp\/v2\/posts"}],"about":[{"href":"https:\/\/www.afitecol.com\/index.php?rest_route=\/wp\/v2\/types\/post"}],"author":[{"embeddable":true,"href":"https:\/\/www.afitecol.com\/index.php?rest_route=\/wp\/v2\/users\/2"}],"replies":[{"embeddable":true,"href":"https:\/\/www.afitecol.com\/index.php?rest_route=%2Fwp%2Fv2%2Fcomments&post=12478"}],"version-history":[{"count":8,"href":"https:\/\/www.afitecol.com\/index.php?rest_route=\/wp\/v2\/posts\/12478\/revisions"}],"predecessor-version":[{"id":15354,"href":"https:\/\/www.afitecol.com\/index.php?rest_route=\/wp\/v2\/posts\/12478\/revisions\/15354"}],"wp:attachment":[{"href":"https:\/\/www.afitecol.com\/index.php?rest_route=%2Fwp%2Fv2%2Fmedia&parent=12478"}],"wp:term":[{"taxonomy":"category","embeddable":true,"href":"https:\/\/www.afitecol.com\/index.php?rest_route=%2Fwp%2Fv2%2Fcategories&post=12478"},{"taxonomy":"post_tag","embeddable":true,"href":"https:\/\/www.afitecol.com\/index.php?rest_route=%2Fwp%2Fv2%2Ftags&post=12478"}],"curies":[{"name":"wp","href":"https:\/\/api.w.org\/{rel}","templated":true}]}}