{"id":12452,"date":"2018-08-07T15:54:15","date_gmt":"2018-08-07T15:54:15","guid":{"rendered":"http:\/\/www.afitecol.com\/?p=12452"},"modified":"2018-11-29T15:02:15","modified_gmt":"2018-11-29T15:02:15","slug":"emision-postal-%e2%80%9dbuque-escuela-arc-gloria-50-anos-1968-2018%e2%80%9d","status":"publish","type":"post","link":"https:\/\/www.afitecol.com\/?p=12452","title":{"rendered":"Emisi\u00f3n postal: \u201dBuque Escuela ARC Gloria 50 a\u00f1os 1968-2018\u201d"},"content":{"rendered":"<p><a href=\"https:\/\/www.afitecol.com\/wp-content\/uploads\/2018\/08\/EmisionBuqueGloria11-782x1024.png\" target=\"_blank\"><img loading=\"lazy\" decoding=\"async\" class=\"alignnone size-large wp-image-12455\" style=\"border: 0px; margin: 5px;\" title=\"EmisionBuqueGloria1\" src=\"https:\/\/www.afitecol.com\/wp-content\/uploads\/2018\/08\/EmisionBuqueGloria11-782x1024.png\" alt=\"EmisionBuqueGloria1\" width=\"101\" height=\"133\" srcset=\"https:\/\/www.afitecol.com\/wp-content\/uploads\/2018\/08\/EmisionBuqueGloria11-782x1024.png 782w, https:\/\/www.afitecol.com\/wp-content\/uploads\/2018\/08\/EmisionBuqueGloria11-229x299.png 229w, https:\/\/www.afitecol.com\/wp-content\/uploads\/2018\/08\/EmisionBuqueGloria11.png 847w\" sizes=\"(max-width: 101px) 85vw, 101px\" \/><\/a> <a href=\"https:\/\/www.afitecol.com\/wp-content\/uploads\/2018\/08\/EmisionBuqueGloria2-782x1024.png\" target=\"_blank\"><img loading=\"lazy\" decoding=\"async\" class=\"alignnone size-large wp-image-12456\" style=\"border: 0px; margin: 5px;\" title=\"EmisionBuqueGloria2\" src=\"https:\/\/www.afitecol.com\/wp-content\/uploads\/2018\/08\/EmisionBuqueGloria2-782x1024.png\" alt=\"EmisionBuqueGloria2\" width=\"101\" height=\"133\" srcset=\"https:\/\/www.afitecol.com\/wp-content\/uploads\/2018\/08\/EmisionBuqueGloria2-782x1024.png 782w, https:\/\/www.afitecol.com\/wp-content\/uploads\/2018\/08\/EmisionBuqueGloria2-229x299.png 229w, https:\/\/www.afitecol.com\/wp-content\/uploads\/2018\/08\/EmisionBuqueGloria2.png 847w\" sizes=\"(max-width: 101px) 85vw, 101px\" \/><\/a>En el marco de la celebraci\u00f3n de los cincuenta a\u00f1os del <strong>Buque Escuela ARC \u201cGloria\u201d<\/strong>, la Armada Nacional viene realizando una serie de actividades para conmemorar este importante cumplea\u00f1os.<\/p>\n<p>El <strong>Buque Escuela ARC \u201cGloria\u201d<\/strong> no s\u00f3lo representa a la Armada Nacional, sino tambi\u00e9n a todo el pueblo colombiano, ya que es el <strong>Embajador Flotante de Colombia<\/strong> en los mares del mundo.<\/p>\n<p>El <strong>Buque Escuela ARC \u201cGloria\u201d<\/strong>, es un velero tipo bergant\u00edn barca, con capacidad para 140 tripulantes El buque tiene las siguientes caracter\u00edsticas: 67 m. de eslora (largo), 10,60 m. de manga (ancho) y 4,80 m. de calado (profundidad), y dos mecanismos de propulsi\u00f3n: un motor di\u00e9sel y vela.<\/p>\n<p>El <strong>Buque Escuela ARC \u201cGloria\u201d<\/strong>, fue construido en Espa\u00f1a  y adquirido por la Armada Nacional en 1968, con el objetivo de entrenar a los tripulantes de la Instituci\u00f3n Naval. Durante estos  50 a\u00f1os el Buque Gloria ha ondeado el majestuoso tricolor nacional, considerado el m\u00e1s grande de cualquier velero del mundo, en los 190 puertos en total de los 77 pa\u00edses que ha visitado.<\/p>\n<p>Para unirse a las celebraciones en estos 50 a\u00f1os del <strong>Buque Escuela ARC \u201cGloria\u201d<\/strong>, el Gobierno Nacional, por intermedio del Ministerio de Tecnolog\u00edas de la Informaci\u00f3n y las Comunicaciones, ha ordenado una emisi\u00f3n postal denominada <strong>\u201dBuque Escuela ARC Gloria 50 a\u00f1os 1968-2018\u201d<\/strong>, mediante la Resoluci\u00f3n N\u00ba 621 del 21 de febrero de 2018.<\/p>\n<p><strong>Acto protocolario<\/strong>.  El acto protocolario del lanzamiento de la emisi\u00f3n postal <strong>\u201dBuque Escuela ARC Gloria 50 a\u00f1os 1968-2018\u201d<\/strong>, tuvo lugar el 24 de julio de 2018, en la ciudad de Cartagena de Indias, departamento de Bol\u00edvar, Rep\u00fablica de Colombia.<\/p>\n<p><strong>La emisi\u00f3n<\/strong>.  La emisi\u00f3n postal <strong>\u201dBuque Escuela ARC Gloria 50 a\u00f1os 1968 -2018\u201d<\/strong> consta de 26.651 hojas bloque para un total de 159.906 estampillas, y 1.800 hojas filat\u00e9licas. La emisi\u00f3n contiene adem\u00e1s la carpeta, el bolet\u00edn informativo y el sobre de primer d\u00eda.<\/p>\n<p><strong><a href=\"https:\/\/www.afitecol.com\/wp-content\/uploads\/2018\/08\/EmisionBuqueGloria3.png\"><img loading=\"lazy\" decoding=\"async\" class=\"alignnone size-full wp-image-12457\" style=\"margin: 5px; border: 0px;\" title=\"EmisionBuqueGloria3\" src=\"https:\/\/www.afitecol.com\/wp-content\/uploads\/2018\/08\/EmisionBuqueGloria3.png\" alt=\"EmisionBuqueGloria3\" width=\"88\" height=\"97\" srcset=\"https:\/\/www.afitecol.com\/wp-content\/uploads\/2018\/08\/EmisionBuqueGloria3.png 406w, https:\/\/www.afitecol.com\/wp-content\/uploads\/2018\/08\/EmisionBuqueGloria3-273x300.png 273w\" sizes=\"(max-width: 88px) 85vw, 88px\" \/><\/a>La hoja bloque<\/strong>. La hoja bloque, numerada, en tama\u00f1o de 100 x 110 mm, contiene 6 estampillas. La hoja bloque lleva en la parte superior el t\u00edtulo ARC Gloria 50 a\u00f1os 1968 \u2013 2018.<\/p>\n<p><strong>Las estampillas.<\/strong> Las estampillas en tama\u00f1o de 30 x 40 mm, en policrom\u00eda, m\u00e1s una tinta especial fluorescente invisible, en papel Truwhite y goma PVA, en seis motivos, tienen un valor facial de $ 5.000.<\/p>\n<p><strong>Las estampillas<\/strong>.<\/p>\n<p><strong><a href=\"https:\/\/www.afitecol.com\/wp-content\/uploads\/2018\/08\/EmisionBuqueGloria4A.png\" target=\"_blank\"><img loading=\"lazy\" decoding=\"async\" class=\"alignnone size-full wp-image-12458\" style=\"border: 0px; margin: 5px;\" title=\"EmisionBuqueGloria4A\" src=\"https:\/\/www.afitecol.com\/wp-content\/uploads\/2018\/08\/EmisionBuqueGloria4A.png\" alt=\"EmisionBuqueGloria4A\" width=\"56\" height=\"70\" srcset=\"https:\/\/www.afitecol.com\/wp-content\/uploads\/2018\/08\/EmisionBuqueGloria4A.png 258w, https:\/\/www.afitecol.com\/wp-content\/uploads\/2018\/08\/EmisionBuqueGloria4A-238x300.png 238w\" sizes=\"(max-width: 56px) 85vw, 56px\" \/><\/a> <a href=\"https:\/\/www.afitecol.com\/wp-content\/uploads\/2018\/08\/EmisionBuqueGloria4D.png\" target=\"_blank\"><img loading=\"lazy\" decoding=\"async\" class=\"alignnone size-full wp-image-12459\" style=\"border: 0px; margin: 5px;\" title=\"EmisionBuqueGloria4D\" src=\"https:\/\/www.afitecol.com\/wp-content\/uploads\/2018\/08\/EmisionBuqueGloria4D.png\" alt=\"EmisionBuqueGloria4D\" width=\"56\" height=\"70\" srcset=\"https:\/\/www.afitecol.com\/wp-content\/uploads\/2018\/08\/EmisionBuqueGloria4D.png 258w, https:\/\/www.afitecol.com\/wp-content\/uploads\/2018\/08\/EmisionBuqueGloria4D-238x300.png 238w\" sizes=\"(max-width: 56px) 85vw, 56px\" \/><\/a> Pinturas<\/strong>. Autor Edgardo Bello<\/p>\n<p><strong><a href=\"https:\/\/www.afitecol.com\/wp-content\/uploads\/2018\/08\/EmisionBuqueGloria4B.png\" target=\"_blank\"><img loading=\"lazy\" decoding=\"async\" class=\"alignnone size-full wp-image-12460\" style=\"border: 0px; margin: 5px;\" title=\"EmisionBuqueGloria4B\" src=\"https:\/\/www.afitecol.com\/wp-content\/uploads\/2018\/08\/EmisionBuqueGloria4B.png\" alt=\"EmisionBuqueGloria4B\" width=\"56\" height=\"70\" srcset=\"https:\/\/www.afitecol.com\/wp-content\/uploads\/2018\/08\/EmisionBuqueGloria4B.png 258w, https:\/\/www.afitecol.com\/wp-content\/uploads\/2018\/08\/EmisionBuqueGloria4B-238x300.png 238w\" sizes=\"(max-width: 56px) 85vw, 56px\" \/><\/a>Fotograf\u00eda.<\/strong> Armada Nacional<\/p>\n<p><strong><a href=\"https:\/\/www.afitecol.com\/wp-content\/uploads\/2018\/08\/EmisionBuqueGloria4E.png\" target=\"_blank\"><img loading=\"lazy\" decoding=\"async\" class=\"alignnone size-full wp-image-12461\" style=\"border: 0px; margin: 5px;\" title=\"EmisionBuqueGloria4E\" src=\"https:\/\/www.afitecol.com\/wp-content\/uploads\/2018\/08\/EmisionBuqueGloria4E.png\" alt=\"EmisionBuqueGloria4E\" width=\"56\" height=\"70\" srcset=\"https:\/\/www.afitecol.com\/wp-content\/uploads\/2018\/08\/EmisionBuqueGloria4E.png 258w, https:\/\/www.afitecol.com\/wp-content\/uploads\/2018\/08\/EmisionBuqueGloria4E-238x300.png 238w\" sizes=\"(max-width: 56px) 85vw, 56px\" \/><\/a>Fotograf\u00eda<\/strong>: Andr\u00e9s L\u00f3pez<\/p>\n<p><strong><a href=\"https:\/\/www.afitecol.com\/wp-content\/uploads\/2018\/08\/EmisionBuqueGloria4C.png\" target=\"_blank\"><img loading=\"lazy\" decoding=\"async\" class=\"alignnone size-full wp-image-12462\" style=\"border: 0px; margin: 5px;\" title=\"EmisionBuqueGloria4C\" src=\"https:\/\/www.afitecol.com\/wp-content\/uploads\/2018\/08\/EmisionBuqueGloria4C.png\" alt=\"EmisionBuqueGloria4C\" width=\"56\" height=\"70\" srcset=\"https:\/\/www.afitecol.com\/wp-content\/uploads\/2018\/08\/EmisionBuqueGloria4C.png 258w, https:\/\/www.afitecol.com\/wp-content\/uploads\/2018\/08\/EmisionBuqueGloria4C-238x300.png 238w\" sizes=\"(max-width: 56px) 85vw, 56px\" \/><\/a>Ilustraci\u00f3n<\/strong>. Armada Nacional<\/p>\n<p><strong><a href=\"https:\/\/www.afitecol.com\/wp-content\/uploads\/2018\/08\/EmisionBuqueGloria4F.png\" target=\"_blank\"><img loading=\"lazy\" decoding=\"async\" class=\"alignnone size-full wp-image-12463\" style=\"border: 0px; margin: 5px;\" title=\"EmisionBuqueGloria4F\" src=\"https:\/\/www.afitecol.com\/wp-content\/uploads\/2018\/08\/EmisionBuqueGloria4F.png\" alt=\"EmisionBuqueGloria4F\" width=\"56\" height=\"70\" srcset=\"https:\/\/www.afitecol.com\/wp-content\/uploads\/2018\/08\/EmisionBuqueGloria4F.png 258w, https:\/\/www.afitecol.com\/wp-content\/uploads\/2018\/08\/EmisionBuqueGloria4F-238x300.png 238w\" sizes=\"(max-width: 56px) 85vw, 56px\" \/><\/a>Logo<\/strong>. Eddie Ceballos<\/p>\n<p><strong><a href=\"https:\/\/www.afitecol.com\/wp-content\/uploads\/2018\/08\/GloriaHF1.png\" target=\"_blank\"><img loading=\"lazy\" decoding=\"async\" class=\"alignnone size-full wp-image-12467\" style=\"margin: 5px; border: 0px;\" title=\"GloriaHF1\" src=\"https:\/\/www.afitecol.com\/wp-content\/uploads\/2018\/08\/GloriaHF1.png\" alt=\"GloriaHF1\" width=\"118\" height=\"75\" srcset=\"https:\/\/www.afitecol.com\/wp-content\/uploads\/2018\/08\/GloriaHF1.png 910w, https:\/\/www.afitecol.com\/wp-content\/uploads\/2018\/08\/GloriaHF1-300x191.png 300w\" sizes=\"(max-width: 118px) 85vw, 118px\" \/><\/a> <a href=\"https:\/\/www.afitecol.com\/wp-content\/uploads\/2018\/08\/GloriaHF2.png\" target=\"_blank\"><img loading=\"lazy\" decoding=\"async\" class=\"alignnone size-full wp-image-12468\" style=\"border: 0px; margin: 5px;\" title=\"GloriaHF2\" src=\"https:\/\/www.afitecol.com\/wp-content\/uploads\/2018\/08\/GloriaHF2.png\" alt=\"GloriaHF2\" width=\"118\" height=\"75\" \/><\/a> La hoja filat\u00e9lica Emisi\u00f3n Especial<\/strong>. La hoja filat\u00e9lica de la emisi\u00f3n especial, en tama\u00f1o de 111 x 70 mm. muestra al Buque Gloria en toda su extensi\u00f3n y contiene una estampilla de colecci\u00f3n.<\/p>\n<p><strong><a href=\"https:\/\/www.afitecol.com\/wp-content\/uploads\/2018\/08\/GloriaHF3-1.png\" target=\"_blank\"><img loading=\"lazy\" decoding=\"async\" class=\"alignnone size-full wp-image-12469\" style=\"border: 0px; margin: 5px;\" title=\"GloriaHF3 1\" src=\"https:\/\/www.afitecol.com\/wp-content\/uploads\/2018\/08\/GloriaHF3-1.png\" alt=\"GloriaHF3 1\" width=\"91\" height=\"126\" srcset=\"https:\/\/www.afitecol.com\/wp-content\/uploads\/2018\/08\/GloriaHF3-1.png 253w, https:\/\/www.afitecol.com\/wp-content\/uploads\/2018\/08\/GloriaHF3-1-216x300.png 216w\" sizes=\"(max-width: 91px) 85vw, 91px\" \/><\/a>La estampilla<\/strong>. La estampilla de la hoja filat\u00e9lica en tama\u00f1o de 30 x 40 mm., tiene un valor facial de $ 100.000.  La estampilla incluye un fragmento de tela original del aparejo de la vela Cangreja del Buque ARC Gloria, usada y maniobrada por los tripulantes de los \u00faltimos siete cruceros de entrenamiento, lo que hace de esta estampilla una pieza \u00fanica en el mundo.<\/p>\n<p>El dise\u00f1o estuvo a cargo de Diego Fernando Robayo.<\/p>\n<p><strong><a href=\"https:\/\/www.afitecol.com\/wp-content\/uploads\/2018\/08\/EmisionBuqueGloria5A.png\" target=\"_blank\"><img loading=\"lazy\" decoding=\"async\" class=\"alignnone size-full wp-image-12470\" style=\"border: 0px; margin: 5px;\" title=\"EmisionBuqueGloria5A\" src=\"https:\/\/www.afitecol.com\/wp-content\/uploads\/2018\/08\/EmisionBuqueGloria5A.png\" alt=\"EmisionBuqueGloria5A\" width=\"143\" height=\"74\" srcset=\"https:\/\/www.afitecol.com\/wp-content\/uploads\/2018\/08\/EmisionBuqueGloria5A.png 663w, https:\/\/www.afitecol.com\/wp-content\/uploads\/2018\/08\/EmisionBuqueGloria5A-300x155.png 300w\" sizes=\"(max-width: 143px) 85vw, 143px\" \/><\/a> <a href=\"https:\/\/www.afitecol.com\/wp-content\/uploads\/2018\/08\/EmisionBuqueGloria5B.png\" target=\"_blank\"><img loading=\"lazy\" decoding=\"async\" class=\"alignnone size-full wp-image-12471\" style=\"border: 0px; margin: 5px;\" title=\"EmisionBuqueGloria5B\" src=\"https:\/\/www.afitecol.com\/wp-content\/uploads\/2018\/08\/EmisionBuqueGloria5B.png\" alt=\"EmisionBuqueGloria5B\" width=\"143\" height=\"74\" srcset=\"https:\/\/www.afitecol.com\/wp-content\/uploads\/2018\/08\/EmisionBuqueGloria5B.png 663w, https:\/\/www.afitecol.com\/wp-content\/uploads\/2018\/08\/EmisionBuqueGloria5B-300x155.png 300w\" sizes=\"(max-width: 143px) 85vw, 143px\" \/><\/a> <a href=\"https:\/\/www.afitecol.com\/wp-content\/uploads\/2018\/08\/EmisionBuqueGloria5C.png\" target=\"_blank\"><img loading=\"lazy\" decoding=\"async\" class=\"alignnone size-full wp-image-12472\" style=\"border: 0px; margin: 5px;\" title=\"EmisionBuqueGloria5C\" src=\"https:\/\/www.afitecol.com\/wp-content\/uploads\/2018\/08\/EmisionBuqueGloria5C.png\" alt=\"EmisionBuqueGloria5C\" width=\"143\" height=\"74\" srcset=\"https:\/\/www.afitecol.com\/wp-content\/uploads\/2018\/08\/EmisionBuqueGloria5C.png 656w, https:\/\/www.afitecol.com\/wp-content\/uploads\/2018\/08\/EmisionBuqueGloria5C-300x158.png 300w\" sizes=\"(max-width: 143px) 85vw, 143px\" \/><\/a>El sobre de primer d\u00eda<\/strong>. Se imprimieron 630 sobres numerados de primer d\u00eda de servicio, por cada motivo, para un total de 1890 sobres. El primer d\u00eda de servicio fue el 24 de julio de 2018 y fue matasellado en la ciudad de Cartagena de Indias, Departamento de Bol\u00edvar, Colombia.<\/p>\n<p><strong>AFITECOL<\/strong> felicita a todos los integrantes del ARC Gloria en sus cincuenta a\u00f1os, a su comandante, y en su nombre a todos que han comandado el ARC Gloria, y en especial a un amigo de <strong>AFITECOL<\/strong>, al Capit\u00e1n de Nav\u00edo Jairo S\u00e1nchez S\u00e1enz, quien fuera su comandante entre 1998 y 1999.<\/p>\n","protected":false},"excerpt":{"rendered":"<p>En el marco de la celebraci\u00f3n de los cincuenta a\u00f1os del Buque Escuela ARC \u201cGloria\u201d, la Armada Nacional viene realizando una serie de actividades para conmemorar este importante cumplea\u00f1os. El Buque Escuela ARC \u201cGloria\u201d no s\u00f3lo representa a la Armada Nacional, sino tambi\u00e9n a todo el pueblo colombiano, ya que es el Embajador Flotante de &hellip; <a href=\"https:\/\/www.afitecol.com\/?p=12452\" class=\"more-link\">Continuar leyendo<span class=\"screen-reader-text\"> \u00abEmisi\u00f3n postal: \u201dBuque Escuela ARC Gloria 50 a\u00f1os 1968-2018\u201d\u00bb<\/span><\/a><\/p>\n","protected":false},"author":2,"featured_media":0,"comment_status":"open","ping_status":"closed","sticky":false,"template":"","format":"standard","meta":{"footnotes":""},"categories":[5],"tags":[],"class_list":["post-12452","post","type-post","status-publish","format-standard","hentry","category-emisiones"],"_links":{"self":[{"href":"https:\/\/www.afitecol.com\/index.php?rest_route=\/wp\/v2\/posts\/12452"}],"collection":[{"href":"https:\/\/www.afitecol.com\/index.php?rest_route=\/wp\/v2\/posts"}],"about":[{"href":"https:\/\/www.afitecol.com\/index.php?rest_route=\/wp\/v2\/types\/post"}],"author":[{"embeddable":true,"href":"https:\/\/www.afitecol.com\/index.php?rest_route=\/wp\/v2\/users\/2"}],"replies":[{"embeddable":true,"href":"https:\/\/www.afitecol.com\/index.php?rest_route=%2Fwp%2Fv2%2Fcomments&post=12452"}],"version-history":[{"count":10,"href":"https:\/\/www.afitecol.com\/index.php?rest_route=\/wp\/v2\/posts\/12452\/revisions"}],"predecessor-version":[{"id":12671,"href":"https:\/\/www.afitecol.com\/index.php?rest_route=\/wp\/v2\/posts\/12452\/revisions\/12671"}],"wp:attachment":[{"href":"https:\/\/www.afitecol.com\/index.php?rest_route=%2Fwp%2Fv2%2Fmedia&parent=12452"}],"wp:term":[{"taxonomy":"category","embeddable":true,"href":"https:\/\/www.afitecol.com\/index.php?rest_route=%2Fwp%2Fv2%2Fcategories&post=12452"},{"taxonomy":"post_tag","embeddable":true,"href":"https:\/\/www.afitecol.com\/index.php?rest_route=%2Fwp%2Fv2%2Ftags&post=12452"}],"curies":[{"name":"wp","href":"https:\/\/api.w.org\/{rel}","templated":true}]}}