{"id":1234,"date":"2009-06-13T15:32:08","date_gmt":"2009-06-13T13:32:08","guid":{"rendered":"http:\/\/www.afitecol.com\/?p=1234"},"modified":"2009-09-26T23:02:01","modified_gmt":"2009-09-26T21:02:01","slug":"emision-180%c2%ba-aniversario-islas-malvinas","status":"publish","type":"post","link":"https:\/\/www.afitecol.com\/?p=1234","title":{"rendered":"Emisi\u00f3n: \u00ab180 Aniversario Islas Malvinas\u00bb"},"content":{"rendered":"<p><strong>180 Aniversario Islas Malvinas<\/strong><\/p>\n<p>Hoy 13 de Junio de 2009 se lanza en Buenos Aires, Argentina, la Emisi\u00f3n 180 Aniversario de la Creaci\u00f3n de la \u201cComandancia pol\u00edtica y militar de las Islas Malvinas y las adyacentes al Cabo de Hornos en el Mar Atl\u00e1ntico\u201d.<br \/>\nGracias a la amabilidad de un amigo de Afitecol en Buenos Aires, Argentina, Jorge Casalia, del Grupo Podium, quien nos ha enviado el material filat\u00e9lico correspondiente, podemos dar a conocer a los amigos de la Filatelia tem\u00e1tica esta informaci\u00f3n.<\/p>\n<p>Las <strong>Islas Malvinas<\/strong>, proceden su nombre de la denominaci\u00f3n francesa <strong>Malouines<\/strong>; son conocidas en ingl\u00e9s como <strong>Falkland Islands<\/strong>, nombre que tomaron en honor de Anthony Cary, quinto vizconde de Falkland, el cual, como comisionado del Almirantazgo Brit\u00e1nico, hab\u00eda financiado el viaje, en 1690.<br \/>\nEl conde y aventurero franc\u00e9s Louis Antoine de Bouganville estableci\u00f3 un peque\u00f1o asentamiento en 1774 en la isla Soledad, al que bautiz\u00f3 con el nombre de Port Louis; tom\u00f3 posesi\u00f3n de las islas en nombre del Rey de Francia y las bautiz\u00f3 como <strong>Malouines<\/strong>, en honor de Saint-Malo, ciudad francesa de donde partieron los primeros colonos.<\/p>\n<p>El Reino de Espa\u00f1a protest\u00f3 esta vez ante la corte francesa por la ocupaci\u00f3n de un terreno propio. En 1776 Francia accedi\u00f3 y reconoci\u00f3 la soberan\u00eda espa\u00f1ola sobre el archipi\u00e9lago, con la condici\u00f3n de que se indemnizara a Bougainville por su esfuerzo al pagar la expedici\u00f3n y el establecimiento de la colonia.<br \/>\nUna vez establecida la independencia de Argentina de la Corona de Espa\u00f1a, 9 de Julio de 1816, las islas pasaron a ser de soberan\u00eda Argentina.<\/p>\n<p>En 1820 el gobierno de Buenos Aires envi\u00f3 una fragata a tomar posesi\u00f3n y reafirmar sus derechos.<br \/>\nEl 10 de junio de 1829 se cre\u00f3 la Comandancia Pol\u00edtica y Militar de las Islas Malvinas con asiento en la isla Soledad y jurisdicci\u00f3n en las islas adyacentes al Cabo de Hornos; Luis Vernet fue designado Gobernador en Puerto Soledad.<\/p>\n<p>Vernet se embarc\u00f3 con su propia familia y unos veinte colonos ingleses y alemanes. En agosto de 1829 lleg\u00f3 a Berkeley Sound o Bah\u00eda Francesa; el 30 del mismo mes tom\u00f3 posesi\u00f3n de las islas.<br \/>\nEn las proximidades de San Carlos, fund\u00f3 la poblaci\u00f3n llamada Puerto Luis. Los colonos se dedicaron a la ganader\u00eda, a levantar corrales, a la plantaci\u00f3n de \u00e1rboles, a la salaz\u00f3n de pescado, pero la principal actividad fue la caza de ballenas.<\/p>\n<p><strong>La emisi\u00f3n<\/strong>: est\u00e1 dedicada a conmemorar el 180\u00ba Aniversario de la creaci\u00f3n de la \u201cComandancia Pol\u00edtica y Militar de las Islas Malvinas y las adyacentes al Cabo de Hornos en el Mar Atl\u00e1ntico\u201d.<\/p>\n<p><a href=\"https:\/\/www.afitecol.com\/wp-content\/uploads\/2009\/06\/malvinas1a.jpg\"><img loading=\"lazy\" decoding=\"async\" class=\"alignleft size-medium wp-image-1236\" style=\"border: 0pt none; margin: 5px;\" title=\"malvinas1a\" src=\"https:\/\/www.afitecol.com\/wp-content\/uploads\/2009\/06\/malvinas1a-232x300.jpg\" alt=\"\" width=\"113\" height=\"147\" srcset=\"https:\/\/www.afitecol.com\/wp-content\/uploads\/2009\/06\/malvinas1a-232x300.jpg 232w, https:\/\/www.afitecol.com\/wp-content\/uploads\/2009\/06\/malvinas1a.jpg 236w\" sizes=\"(max-width: 113px) 85vw, 113px\" \/><\/a><strong>La estampilla<\/strong>: con un valor facial de $1, muestra el retrato del primer gobernador\u00a0 Luis Vernet, en Puerto Soledad.\u00a0 El retrato est\u00e1 basado en un \u00f3leo de Luisa Vernet Lavalle que se encuentra en el Museo Hist\u00f3rico Nacional de Buenos Aires.<\/p>\n<p><a href=\"https:\/\/www.afitecol.com\/wp-content\/uploads\/2009\/06\/malvinashb1.jpg\"><img loading=\"lazy\" decoding=\"async\" class=\"size-medium wp-image-1237 alignright\" style=\"border: 0pt none; margin: 5px;\" title=\"malvinashb1\" src=\"https:\/\/www.afitecol.com\/wp-content\/uploads\/2009\/06\/malvinashb1-300x198.jpg\" alt=\"\" width=\"146\" height=\"95\" \/><\/a><strong>La hoja bloque<\/strong>: con un valor facial de $ 5, muestra las primeras casas de piedra construidas en las Islas Malvinas en 1829 por el Governador Vernet, basado en un \u00f3leo de Luisa Vernet Lavalle, del Museo Hist\u00f3rico Nacional de Buenos Aires.\u00a0 Adem\u00e1s, muestra el mapa del sur de la Argentina Continental e Islas del Atl\u00e1ntico Sur y el Fragmento del Decreto de creaci\u00f3n de la Comandancia Pol\u00edtica y Militar de las Islas Malvinas adyacentes al Cabo de Hornos en el Mar Atl\u00e1ntico.<\/p>\n<p><a href=\"https:\/\/www.afitecol.com\/wp-content\/uploads\/2009\/06\/malvinassobrechico1.jpg\"><img loading=\"lazy\" decoding=\"async\" class=\"alignleft size-medium wp-image-1238\" style=\"border: 1px solid black; margin: 5px;\" title=\"malvinassobrechico1\" src=\"https:\/\/www.afitecol.com\/wp-content\/uploads\/2009\/06\/malvinassobrechico1-300x215.jpg\" alt=\"\" width=\"115\" height=\"82\" srcset=\"https:\/\/www.afitecol.com\/wp-content\/uploads\/2009\/06\/malvinassobrechico1-300x215.jpg 300w, https:\/\/www.afitecol.com\/wp-content\/uploads\/2009\/06\/malvinassobrechico1.jpg 590w\" sizes=\"(max-width: 115px) 85vw, 115px\" \/><\/a><strong>Sobre de primer d\u00eda estampilla<\/strong>: llamado en Argentina sobre chico; se imprimieron 3000 sobres numerados de primer d\u00eda de emisi\u00f3n.<\/p>\n<p><a href=\"https:\/\/www.afitecol.com\/wp-content\/uploads\/2009\/06\/malvinassobregrande1.jpg\"><img loading=\"lazy\" decoding=\"async\" class=\"size-medium wp-image-1239 alignright\" style=\"border: 1px solid black; margin: 5px;\" title=\"malvinassobregrande1\" src=\"https:\/\/www.afitecol.com\/wp-content\/uploads\/2009\/06\/malvinassobregrande1-300x207.jpg\" alt=\"\" width=\"139\" height=\"95\" srcset=\"https:\/\/www.afitecol.com\/wp-content\/uploads\/2009\/06\/malvinassobregrande1-300x207.jpg 300w, https:\/\/www.afitecol.com\/wp-content\/uploads\/2009\/06\/malvinassobregrande1.jpg 708w\" sizes=\"(max-width: 139px) 85vw, 139px\" \/><\/a><strong>Sobre de primer d\u00eda hoja bloque<\/strong>, llamado sobre grande; se imprimieron 3000 sobres numerados de primer d\u00eda de emisi\u00f3n.<\/p>\n","protected":false},"excerpt":{"rendered":"<p>180 Aniversario Islas Malvinas Hoy 13 de Junio de 2009 se lanza en Buenos Aires, Argentina, la Emisi\u00f3n 180 Aniversario de la Creaci\u00f3n de la \u201cComandancia pol\u00edtica y militar de las Islas Malvinas y las adyacentes al Cabo de Hornos en el Mar Atl\u00e1ntico\u201d. Gracias a la amabilidad de un amigo de Afitecol en Buenos &hellip; <a href=\"https:\/\/www.afitecol.com\/?p=1234\" class=\"more-link\">Continuar leyendo<span class=\"screen-reader-text\"> \u00abEmisi\u00f3n: \u00ab180 Aniversario Islas Malvinas\u00bb\u00bb<\/span><\/a><\/p>\n","protected":false},"author":2,"featured_media":0,"comment_status":"open","ping_status":"closed","sticky":false,"template":"","format":"standard","meta":{"footnotes":""},"categories":[10],"tags":[],"class_list":["post-1234","post","type-post","status-publish","format-standard","hentry","category-extranjeras"],"_links":{"self":[{"href":"https:\/\/www.afitecol.com\/index.php?rest_route=\/wp\/v2\/posts\/1234"}],"collection":[{"href":"https:\/\/www.afitecol.com\/index.php?rest_route=\/wp\/v2\/posts"}],"about":[{"href":"https:\/\/www.afitecol.com\/index.php?rest_route=\/wp\/v2\/types\/post"}],"author":[{"embeddable":true,"href":"https:\/\/www.afitecol.com\/index.php?rest_route=\/wp\/v2\/users\/2"}],"replies":[{"embeddable":true,"href":"https:\/\/www.afitecol.com\/index.php?rest_route=%2Fwp%2Fv2%2Fcomments&post=1234"}],"version-history":[{"count":12,"href":"https:\/\/www.afitecol.com\/index.php?rest_route=\/wp\/v2\/posts\/1234\/revisions"}],"predecessor-version":[{"id":1244,"href":"https:\/\/www.afitecol.com\/index.php?rest_route=\/wp\/v2\/posts\/1234\/revisions\/1244"}],"wp:attachment":[{"href":"https:\/\/www.afitecol.com\/index.php?rest_route=%2Fwp%2Fv2%2Fmedia&parent=1234"}],"wp:term":[{"taxonomy":"category","embeddable":true,"href":"https:\/\/www.afitecol.com\/index.php?rest_route=%2Fwp%2Fv2%2Fcategories&post=1234"},{"taxonomy":"post_tag","embeddable":true,"href":"https:\/\/www.afitecol.com\/index.php?rest_route=%2Fwp%2Fv2%2Ftags&post=1234"}],"curies":[{"name":"wp","href":"https:\/\/api.w.org\/{rel}","templated":true}]}}