{"id":12155,"date":"2018-06-04T13:15:23","date_gmt":"2018-06-04T13:15:23","guid":{"rendered":"http:\/\/www.afitecol.com\/?p=12155"},"modified":"2018-06-04T13:15:23","modified_gmt":"2018-06-04T13:15:23","slug":"x-aniversario-afitecol-iv-inauguracion-de-la-seccion-%e2%80%9cfilatelistas%e2%80%9d-del-portal-de-afitecol","status":"publish","type":"post","link":"https:\/\/www.afitecol.com\/?p=12155","title":{"rendered":"X Aniversario AFITECOL (IV).  Inauguraci\u00f3n de la Secci\u00f3n \u201cFilatelistas\u201d del PORTAL de AFITECOL"},"content":{"rendered":"<p>La <strong>Secci\u00f3n<\/strong> del Portal de \u00a0<strong>AFITECOL<\/strong> denominada <strong><a href=\"https:\/\/www.afitecol.com\/?cat=12\" target=\"_blank\">FILATELISTAS<\/a><\/strong>, <em>\u201ccreada para rendir un homenaje a los filatelistas que se destaquen a juicio de AFITECOL\u201d <\/em> se inici\u00f3 con una noticia no muy agradable.<\/p>\n<p>En un desatinado accidente de tr\u00e1nsito, el 15 de marzo de 2009, en el Valle del Cauca, Colombia, cerca del sitio donde prestaba sus servicios profesionales, dej\u00f3 de existir un Amigo de <strong>AFITECOL<\/strong>, el joven filatelista<a href=\"https:\/\/www.afitecol.com\/?p=1040\" target=\"_blank\"> <strong>N\u00e9stor Jr. \u00c1lvarez Gonz\u00e1lez.<\/strong><\/a><\/p>\n<p><strong>N\u00e9stor Jr<\/strong>. hab\u00eda comenzado a incursionar en el mundo de la filatelia a sus escasos 10 a\u00f1os de edad, al lado de sus padres tambi\u00e9n filatelistas, quienes le hab\u00edan inculcado con el ejemplo el amor por la filatelia.<\/p>\n<p>A esa temprana edad ya manejaba sus propias colecciones. Particip\u00f3 en EXFILBO 90 donde obtuvo Medalla de Bronce con su colecci\u00f3n <strong>\u201cColombia post centenario\u201d<\/strong>, lo que ocurri\u00f3 as\u00ed mismo en EXFILBO 1993, donde fue galardonado nuevamente con una Medalla de Bronce.<\/p>\n<p><a href=\"https:\/\/www.afitecol.com\/wp-content\/uploads\/2018\/05\/AfitecolCFC-1024x548.jpg\" target=\"_blank\"><img loading=\"lazy\" decoding=\"async\" class=\"alignnone size-large wp-image-12158\" style=\"border: 0px; margin: 5px;\" title=\"AfitecolCFC\" src=\"https:\/\/www.afitecol.com\/wp-content\/uploads\/2018\/05\/AfitecolCFC-1024x548.jpg\" alt=\"AfitecolCFC\" width=\"221\" height=\"118\" srcset=\"https:\/\/www.afitecol.com\/wp-content\/uploads\/2018\/05\/AfitecolCFC-1024x548.jpg 1024w, https:\/\/www.afitecol.com\/wp-content\/uploads\/2018\/05\/AfitecolCFC-300x160.jpg 300w, https:\/\/www.afitecol.com\/wp-content\/uploads\/2018\/05\/AfitecolCFC.jpeg 1339w\" sizes=\"(max-width: 221px) 85vw, 221px\" \/><\/a>Era tanto su inter\u00e9s por esta ciencia, arte, cultura y entretenimiento, la llamada <strong>filatelia<\/strong>, que dos d\u00edas antes de la contingencia, hab\u00eda asistido a la Inauguraci\u00f3n del lanzamiento de la <strong>\u201c<a href=\"https:\/\/www.afitecol.com\/?p=878\" target=\"_blank\">Emisi\u00f3n postal: Club Filat\u00e9lico de Cali (CFC) 70 a\u00f1os<\/a>\u201d<\/strong>.<\/p>\n<p><strong><a href=\"https:\/\/www.afitecol.com\/wp-content\/uploads\/2018\/05\/CFC2.jpg\"><img loading=\"lazy\" decoding=\"async\" class=\"alignnone size-large wp-image-12161\" style=\"border: 0px; margin: 5px;\" title=\"CFC2\" src=\"https:\/\/www.afitecol.com\/wp-content\/uploads\/2018\/05\/CFC2-1024x768.jpg\" alt=\"CFC2\" width=\"368\" height=\"277\" srcset=\"https:\/\/www.afitecol.com\/wp-content\/uploads\/2018\/05\/CFC2-1024x768.jpg 1024w, https:\/\/www.afitecol.com\/wp-content\/uploads\/2018\/05\/CFC2-300x225.jpg 300w, https:\/\/www.afitecol.com\/wp-content\/uploads\/2018\/05\/CFC2.jpg 2048w\" sizes=\"(max-width: 368px) 85vw, 368px\" \/><\/a>N\u00e9stor Jr<\/strong>., de pie el primero de izquierda a derecha.<\/p>\n","protected":false},"excerpt":{"rendered":"<p>La Secci\u00f3n del Portal de \u00a0AFITECOL denominada FILATELISTAS, \u201ccreada para rendir un homenaje a los filatelistas que se destaquen a juicio de AFITECOL\u201d se inici\u00f3 con una noticia no muy agradable. En un desatinado accidente de tr\u00e1nsito, el 15 de marzo de 2009, en el Valle del Cauca, Colombia, cerca del sitio donde prestaba sus &hellip; <a href=\"https:\/\/www.afitecol.com\/?p=12155\" class=\"more-link\">Continuar leyendo<span class=\"screen-reader-text\"> \u00abX Aniversario AFITECOL (IV).  Inauguraci\u00f3n de la Secci\u00f3n \u201cFilatelistas\u201d del PORTAL de AFITECOL\u00bb<\/span><\/a><\/p>\n","protected":false},"author":2,"featured_media":0,"comment_status":"open","ping_status":"closed","sticky":false,"template":"","format":"standard","meta":{"footnotes":""},"categories":[9],"tags":[],"class_list":["post-12155","post","type-post","status-publish","format-standard","hentry","category-noticias-filatelicas"],"_links":{"self":[{"href":"https:\/\/www.afitecol.com\/index.php?rest_route=\/wp\/v2\/posts\/12155"}],"collection":[{"href":"https:\/\/www.afitecol.com\/index.php?rest_route=\/wp\/v2\/posts"}],"about":[{"href":"https:\/\/www.afitecol.com\/index.php?rest_route=\/wp\/v2\/types\/post"}],"author":[{"embeddable":true,"href":"https:\/\/www.afitecol.com\/index.php?rest_route=\/wp\/v2\/users\/2"}],"replies":[{"embeddable":true,"href":"https:\/\/www.afitecol.com\/index.php?rest_route=%2Fwp%2Fv2%2Fcomments&post=12155"}],"version-history":[{"count":22,"href":"https:\/\/www.afitecol.com\/index.php?rest_route=\/wp\/v2\/posts\/12155\/revisions"}],"predecessor-version":[{"id":12195,"href":"https:\/\/www.afitecol.com\/index.php?rest_route=\/wp\/v2\/posts\/12155\/revisions\/12195"}],"wp:attachment":[{"href":"https:\/\/www.afitecol.com\/index.php?rest_route=%2Fwp%2Fv2%2Fmedia&parent=12155"}],"wp:term":[{"taxonomy":"category","embeddable":true,"href":"https:\/\/www.afitecol.com\/index.php?rest_route=%2Fwp%2Fv2%2Fcategories&post=12155"},{"taxonomy":"post_tag","embeddable":true,"href":"https:\/\/www.afitecol.com\/index.php?rest_route=%2Fwp%2Fv2%2Ftags&post=12155"}],"curies":[{"name":"wp","href":"https:\/\/api.w.org\/{rel}","templated":true}]}}