{"id":11830,"date":"2018-04-09T13:46:39","date_gmt":"2018-04-09T13:46:39","guid":{"rendered":"http:\/\/www.afitecol.com\/?p=11830"},"modified":"2018-04-09T20:31:13","modified_gmt":"2018-04-09T20:31:13","slug":"jorge-eliecer-gaitan-caudillo-del-pueblo-1948-%e2%80%93-2018","status":"publish","type":"post","link":"https:\/\/www.afitecol.com\/?p=11830","title":{"rendered":"Jorge Eli\u00e9cer Gait\u00e1n: Caudillo del Pueblo 1948 \u2013 2018."},"content":{"rendered":"<p><a href=\"https:\/\/www.afitecol.com\/wp-content\/uploads\/2018\/04\/Gaitan1-1024x984.jpg\" target=\"_blank\"><img loading=\"lazy\" decoding=\"async\" class=\"alignnone size-large wp-image-11832\" style=\"border: 0px; margin: 5px;\" title=\"Gaitan1\" src=\"https:\/\/www.afitecol.com\/wp-content\/uploads\/2018\/04\/Gaitan1-1024x984.jpg\" alt=\"Gaitan1\" width=\"221\" height=\"212\" srcset=\"https:\/\/www.afitecol.com\/wp-content\/uploads\/2018\/04\/Gaitan1-1024x984.jpg 1024w, https:\/\/www.afitecol.com\/wp-content\/uploads\/2018\/04\/Gaitan1-300x288.jpg 300w, https:\/\/www.afitecol.com\/wp-content\/uploads\/2018\/04\/Gaitan1.jpeg 1434w\" sizes=\"(max-width: 221px) 85vw, 221px\" \/><\/a> <a href=\"https:\/\/www.afitecol.com\/wp-content\/uploads\/2018\/04\/Gaitan2-1024x984.jpg\" target=\"_blank\"><img loading=\"lazy\" decoding=\"async\" class=\"alignnone size-large wp-image-11833\" style=\"border: 0px; margin: 5px;\" title=\"Gaitan2\" src=\"https:\/\/www.afitecol.com\/wp-content\/uploads\/2018\/04\/Gaitan2-1024x984.jpg\" alt=\"Gaitan2\" width=\"221\" height=\"212\" srcset=\"https:\/\/www.afitecol.com\/wp-content\/uploads\/2018\/04\/Gaitan2-1024x984.jpg 1024w, https:\/\/www.afitecol.com\/wp-content\/uploads\/2018\/04\/Gaitan2-300x288.jpg 300w, https:\/\/www.afitecol.com\/wp-content\/uploads\/2018\/04\/Gaitan2.jpeg 1434w\" sizes=\"(max-width: 221px) 85vw, 221px\" \/><\/a><\/p>\n<p><a href=\"https:\/\/www.afitecol.com\/wp-content\/uploads\/2018\/04\/Gaitan2-1024x984.jpg\" target=\"_blank\"><\/a>Hoy <strong>9 de abril de 2018<\/strong> se cumplen 70 a\u00f1os del asesinato de <strong>Jorge Eli\u00e9cer Gait\u00e1n<\/strong>, llamado el <strong>\u00abCaudillo del Pueblo<\/strong>\u00ab.<\/p>\n<p><strong>Jorge Eli\u00e9cer Gait\u00e1n<\/strong>, dirigente pol\u00edtico colombiano, naci\u00f3 en 1902 en el Barrio Las Cruces de Bogot\u00e1.  Sus padres fueron Eli\u00e9cer Gait\u00e1n, vendedor de libros usados y Manuela Ayala de Gait\u00e1n, maestra de escuela.<\/p>\n<p><strong>Jorge Eli\u00e9cer Gait\u00e1n<\/strong> se gradu\u00f3 de bachiller en 1919, y en febrero de 1920 ingres\u00f3 a la Facultad de Derecho y Ciencias Pol\u00edticas de la Universidad Nacional. Cuatro a\u00f1os m\u00e1s tarde obtuvo el t\u00edtulo de abogado con su controvertida e important\u00edsima tesis denominada <strong>\u201cLas ideas socialistas en Colombia\u201d. <\/strong><\/p>\n<p>Entre 1924 y 1925 fue elegido para la Asamblea de Cundinamarca; su brillantez le concedi\u00f3 el reconocimiento que merec\u00eda<\/p>\n<p>Organiz\u00f3 la \u201cSociedad Literaria Rub\u00e9n Dar\u00edo\u201d, y constituy\u00f3 tambi\u00e9n el \u201cCentro Liberal Universitario\u201d, que lleg\u00f3 a tener alguna influencia pol\u00edtica.<\/p>\n<p>En julio de 1926 viaj\u00f3 a Italia. All\u00ed ingres\u00f3 a la Real Universidad de Roma, la escuela m\u00e1s prestigiosa de derecho en ese pa\u00eds, donde obtuvo el t\u00edtulo de Doctor en Jurisprudencia. Su tesis que llevaba como t\u00edtulo <strong>\u00abEl criterio positivo de la premeditaci\u00f3n\u00bb<\/strong> mereci\u00f3 la calificaci\u00f3n <em>\u201cMagna cum laude\u201d<\/em> y el premio Enrico Ferri, y lleg\u00f3 a ser texto de estudio.<\/p>\n<p>Despu\u00e9s de su regreso a Colombia en 1928 <strong>Gait\u00e1n<\/strong> fue elegido Representante a la C\u00e1mara en marzo, y en junio encabez\u00f3 las manifestaciones contra la corrupci\u00f3n administrativa.<\/p>\n<p>En 1931 fue elegido presidente de la C\u00e1mara de Representantes, presidente de la Direcci\u00f3n Nacional Liberal y segundo designado a la Presidencia de la Rep\u00fablica. Al a\u00f1o siguiente, 1932, fue nombrado Rector de la Universidad Libre. A finales del mismo a\u00f1o viaj\u00f3 por Am\u00e9rica Latina planteando la posici\u00f3n colombiana en el litigio con el Per\u00fa.<\/p>\n<p>El 8 de junio de 1936 Gait\u00e1n se posesion\u00f3 como alcalde de Bogot\u00e1.<\/p>\n<p>Tras algunos viajes internacionales, Gait\u00e1n fue elegido magistrado de la Corte Suprema de Justicia en 1939 y, al a\u00f1o siguiente, fue nombrado Ministro de Educaci\u00f3n.<\/p>\n<p><a href=\"https:\/\/www.afitecol.com\/wp-content\/uploads\/2018\/04\/Gaitan3-1024x526.jpg\" target=\"_blank\"><img loading=\"lazy\" decoding=\"async\" class=\"alignnone size-large wp-image-11835\" style=\"border: 0px; margin: 5px;\" title=\"Gaitan3\" src=\"https:\/\/www.afitecol.com\/wp-content\/uploads\/2018\/04\/Gaitan3-1024x526.jpg\" alt=\"Gaitan3\" width=\"221\" height=\"114\" srcset=\"https:\/\/www.afitecol.com\/wp-content\/uploads\/2018\/04\/Gaitan3-1024x526.jpg 1024w, https:\/\/www.afitecol.com\/wp-content\/uploads\/2018\/04\/Gaitan3-300x154.jpg 300w, https:\/\/www.afitecol.com\/wp-content\/uploads\/2018\/04\/Gaitan3.jpeg 1050w\" sizes=\"(max-width: 221px) 85vw, 221px\" \/><\/a><strong>\u201cYo no soy un hombre, soy un pueblo\u201d <\/strong><strong>\u201cEl pueblo es superior a sus dirigentes\u201d<\/strong><\/p>\n<p>A <strong>Gait\u00e1n<\/strong> lo hicieron famoso sus expresiones de \u00ab\u00a1A la carga! \u00a1Contra la oligarqu\u00eda! \u00a1Por la restauraci\u00f3n moral de la Rep\u00fablica!\u00bb. \u201cSus variaciones de tono, sentido del humor e iron\u00eda, el manejo de los silencios, hicieron de Gait\u00e1n un orador tel\u00farico que llegaba a transfigurarse por la emoci\u00f3n de lo que dec\u00eda y la forma de decirlo, y que lograba transmitir su sentimiento al p\u00fablico\u201d.<\/p>\n<p><strong><a href=\"https:\/\/www.afitecol.com\/wp-content\/uploads\/2018\/04\/Gaitan5.jpg\" target=\"_blank\"><img loading=\"lazy\" decoding=\"async\" class=\"alignnone size-full wp-image-11844\" style=\"border: 0px; margin: 5px;\" title=\"Gaitan5\" src=\"https:\/\/www.afitecol.com\/wp-content\/uploads\/2018\/04\/Gaitan5.jpg\" alt=\"Gaitan5\" width=\"83\" height=\"79\" \/><\/a>Gait\u00e1n<\/strong> inici\u00f3 en 1941 una carrera pol\u00edtica siendo <strong>Senador por Nari\u00f1o<\/strong> en 1942, presidente del Senado en septiembre de ese a\u00f1o, ministro de Trabajo entre 1943 y 1944, y candidato presidencial.<\/p>\n<p>Sus planteamientos sociales fueron enunciados en la Convenci\u00f3n del Teatro Col\u00f3n del 18 de enero de 1947 y en agosto del mismo a\u00f1o, en el Congreso, con el fallido Plan Gait\u00e1n.<\/p>\n<p><a href=\"https:\/\/www.afitecol.com\/wp-content\/uploads\/2018\/04\/Gaitan4-1024x508.jpg\" target=\"_blank\"><img loading=\"lazy\" decoding=\"async\" class=\"alignnone size-large wp-image-11836\" style=\"border: 0px; margin: 5px;\" title=\"Gaitan4\" src=\"https:\/\/www.afitecol.com\/wp-content\/uploads\/2018\/04\/Gaitan4-1024x508.jpg\" alt=\"Gaitan4\" width=\"221\" height=\"110\" srcset=\"https:\/\/www.afitecol.com\/wp-content\/uploads\/2018\/04\/Gaitan4-1024x508.jpg 1024w, https:\/\/www.afitecol.com\/wp-content\/uploads\/2018\/04\/Gaitan4-300x148.jpg 300w, https:\/\/www.afitecol.com\/wp-content\/uploads\/2018\/04\/Gaitan4.jpeg 1068w\" sizes=\"(max-width: 221px) 85vw, 221px\" \/><\/a>Por expreso deseo del ministro de Relaciones Exteriores de Colombia de ese entonces, Gait\u00e1n fue excluido de su participaci\u00f3n en la IX Conferencia Panamericana en Bogot\u00e1, inaugurada el 30 de marzo de 1948.<\/p>\n<p>El <strong>9 de abril de 1948<\/strong>, hacia la una de la tarde, cuando sal\u00eda del edificio donde ten\u00eda sus oficinas, fue muerto a balazos, en presencia de algunos de sus amigos, por un joven, inici\u00e1ndose as\u00ed la m\u00e1s terrible jornada de muerte y destrucci\u00f3n que haya vivido Bogot\u00e1 conocida como <strong>\u201cEl Bogotazo\u201d<\/strong>.<\/p>\n<p>En 1959 el Gobierno de Colombia realiz\u00f3 una emisi\u00f3n postal en honor a <strong><a href=\"https:\/\/www.afitecol.com\/?p=1424\" target=\"_blank\">Jorge Eli\u00e9cer Gait\u00e1n<\/a><\/strong>.<\/p>\n<p>Para celebrar un nuevo aniversario de la muerte de <strong>Jorge Eli\u00e9cer Gait\u00e1n<\/strong> se emitieron en 2012 unas <strong><a href=\"https:\/\/www.afitecol.com\/?p=5924\" target=\"_blank\">tarjetas postales<\/a><\/strong>.<\/p>\n","protected":false},"excerpt":{"rendered":"<p>Hoy 9 de abril de 2018 se cumplen 70 a\u00f1os del asesinato de Jorge Eli\u00e9cer Gait\u00e1n, llamado el \u00abCaudillo del Pueblo\u00ab. Jorge Eli\u00e9cer Gait\u00e1n, dirigente pol\u00edtico colombiano, naci\u00f3 en 1902 en el Barrio Las Cruces de Bogot\u00e1. Sus padres fueron Eli\u00e9cer Gait\u00e1n, vendedor de libros usados y Manuela Ayala de Gait\u00e1n, maestra de escuela. Jorge &hellip; <a href=\"https:\/\/www.afitecol.com\/?p=11830\" class=\"more-link\">Continuar leyendo<span class=\"screen-reader-text\"> \u00abJorge Eli\u00e9cer Gait\u00e1n: Caudillo del Pueblo 1948 \u2013 2018.\u00bb<\/span><\/a><\/p>\n","protected":false},"author":2,"featured_media":0,"comment_status":"open","ping_status":"closed","sticky":false,"template":"","format":"standard","meta":{"footnotes":""},"categories":[9],"tags":[],"class_list":["post-11830","post","type-post","status-publish","format-standard","hentry","category-noticias-filatelicas"],"_links":{"self":[{"href":"https:\/\/www.afitecol.com\/index.php?rest_route=\/wp\/v2\/posts\/11830"}],"collection":[{"href":"https:\/\/www.afitecol.com\/index.php?rest_route=\/wp\/v2\/posts"}],"about":[{"href":"https:\/\/www.afitecol.com\/index.php?rest_route=\/wp\/v2\/types\/post"}],"author":[{"embeddable":true,"href":"https:\/\/www.afitecol.com\/index.php?rest_route=\/wp\/v2\/users\/2"}],"replies":[{"embeddable":true,"href":"https:\/\/www.afitecol.com\/index.php?rest_route=%2Fwp%2Fv2%2Fcomments&post=11830"}],"version-history":[{"count":10,"href":"https:\/\/www.afitecol.com\/index.php?rest_route=\/wp\/v2\/posts\/11830\/revisions"}],"predecessor-version":[{"id":11845,"href":"https:\/\/www.afitecol.com\/index.php?rest_route=\/wp\/v2\/posts\/11830\/revisions\/11845"}],"wp:attachment":[{"href":"https:\/\/www.afitecol.com\/index.php?rest_route=%2Fwp%2Fv2%2Fmedia&parent=11830"}],"wp:term":[{"taxonomy":"category","embeddable":true,"href":"https:\/\/www.afitecol.com\/index.php?rest_route=%2Fwp%2Fv2%2Fcategories&post=11830"},{"taxonomy":"post_tag","embeddable":true,"href":"https:\/\/www.afitecol.com\/index.php?rest_route=%2Fwp%2Fv2%2Ftags&post=11830"}],"curies":[{"name":"wp","href":"https:\/\/api.w.org\/{rel}","templated":true}]}}