{"id":11765,"date":"2018-02-23T14:24:22","date_gmt":"2018-02-23T14:24:22","guid":{"rendered":"http:\/\/www.afitecol.com\/?p=11765"},"modified":"2018-02-23T14:24:22","modified_gmt":"2018-02-23T14:24:22","slug":"emision-postal-%e2%80%9ccentenario-de-la-primera-reina-del-carnaval-de-barranquilla-1918-%e2%80%93-2018%e2%80%9d","status":"publish","type":"post","link":"https:\/\/www.afitecol.com\/?p=11765","title":{"rendered":"Emisi\u00f3n postal: \u201cCentenario de la Primera Reina del Carnaval de Barranquilla 1918 \u2013 2018\u201d"},"content":{"rendered":"<p><a href=\"https:\/\/www.afitecol.com\/wp-content\/uploads\/2018\/02\/BarranquillaReina1-780x1024.jpg\" target=\"_blank\"><img loading=\"lazy\" decoding=\"async\" class=\"alignnone size-large wp-image-11769\" style=\"border: 0px; margin: 5px;\" title=\"BarranquillaReina1\" src=\"https:\/\/www.afitecol.com\/wp-content\/uploads\/2018\/02\/BarranquillaReina1-780x1024.jpg\" alt=\"BarranquillaReina1\" width=\"101\" height=\"133\" srcset=\"https:\/\/www.afitecol.com\/wp-content\/uploads\/2018\/02\/BarranquillaReina1-780x1024.jpg 780w, https:\/\/www.afitecol.com\/wp-content\/uploads\/2018\/02\/BarranquillaReina1-228x300.jpg 228w, https:\/\/www.afitecol.com\/wp-content\/uploads\/2018\/02\/BarranquillaReina1.jpeg 842w\" sizes=\"(max-width: 101px) 85vw, 101px\" \/><\/a> <a href=\"https:\/\/www.afitecol.com\/wp-content\/uploads\/2018\/02\/BarranquillaReina2-780x1024.jpg\" target=\"_blank\"><img loading=\"lazy\" decoding=\"async\" class=\"alignnone size-large wp-image-11770\" style=\"border: 0px; margin: 5px;\" title=\"BarranquillaReina2\" src=\"https:\/\/www.afitecol.com\/wp-content\/uploads\/2018\/02\/BarranquillaReina2-780x1024.jpg\" alt=\"BarranquillaReina2\" width=\"101\" height=\"133\" srcset=\"https:\/\/www.afitecol.com\/wp-content\/uploads\/2018\/02\/BarranquillaReina2-780x1024.jpg 780w, https:\/\/www.afitecol.com\/wp-content\/uploads\/2018\/02\/BarranquillaReina2-228x300.jpg 228w, https:\/\/www.afitecol.com\/wp-content\/uploads\/2018\/02\/BarranquillaReina2.jpeg 842w\" sizes=\"(max-width: 101px) 85vw, 101px\" \/><\/a>Las fiestas de Carnaval fueron introducidas a Am\u00e9rica por los espa\u00f1oles y los portugueses; as\u00ed el Carnaval de Barranquilla tiene su origen antiguo en el Carnaval que vino a Am\u00e9rica desde Espa\u00f1a.<\/p>\n<p>El <strong>Primer Carnaval de Barranquilla<\/strong> se celebr\u00f3 en la ciudad hace m\u00e1s de un siglo, cuando Barranquilla era apenas una peque\u00f1a poblaci\u00f3n. La forma siempre ingenua, graciosa, festiva y ante todo sana, han permitido que se conserve una tradici\u00f3n<\/p>\n<p>Han circulado diversas historias referentes a la manera como el pueblo barranquillero festejaba el Carnaval. Algunos aspectos de destacar en su desarrollo: en 1888 surge la figura del <strong>Rey Momo<\/strong>, s\u00edmbolo de la m\u00e1scara; en 1899 se crea el cargo de <strong>Presidente del Carnaval<\/strong> y una Junta Organizadora; en 1903 se establece la primera <strong>Batalla de Flores<\/strong>, con el objeto de recuperar una tradici\u00f3n carnavalesca de a\u00f1os anteriores y en 1918 nace la figura de la <strong>Reina del Carnaval<\/strong>, a\u00f1o en que fue elegida la dama barranquillera <strong>Alicia Lafaurie Roncallo<\/strong> como la <strong>Primera Reina del Carnaval de Barranquilla<\/strong>, a quien se rinde homenaje en esta emisi\u00f3n postal.<\/p>\n<p>Por otra parte en el a\u00f1o 2002 el Carnaval de Barranquilla es declarado <strong>Patrimonio Cultural de la Naci\u00f3n<\/strong> por el Senado de la Rep\u00fablica de Colombia y un a\u00f1o m\u00e1s tarde es declarado, <strong>Obra Maestra del Patrimonio Oral e Intangible de la Humanidad<\/strong>, por la UNESCO.<\/p>\n<p>El Carnaval de Barranquilla es administrado por la empresa <strong>Carnaval de Barranquilla S.A. S<\/strong>., y tiene entre otras de sus funciones la escogencia de la Reina del Carnaval y la organizaci\u00f3n de la fiesta.<\/p>\n<p>Para celebrar los cien a\u00f1os de la primera vez que fue escogida una mujer como <strong>Reina del Carnaval de Barranquilla<\/strong>, fiesta de gran reconocimiento en la <strong>Puerta de Oro de Colombia<\/strong>, el gobierno de Colombia se ha unido a esta celebraci\u00f3n autorizando una emisi\u00f3n postal denominada <strong>\u201cCentenario de la Primera Reina del Carnaval de Barranquilla 1918 \u2013 2018\u201d<\/strong>, mediante Resoluci\u00f3n N\u00ba 0016 del 5 de enero de 2018 del Ministerio de Tecnolog\u00edas de la Informaci\u00f3n y las Comunicaciones<\/p>\n<p><strong>Acto protocolario<\/strong>. El acto protocolario del lanzamiento de la Emisi\u00f3n postal: <strong>\u201cCentenario de la Primera Reina del Carnaval de Barranquilla 1918 \u2013 2018\u201d <\/strong>se realiz\u00f3 en la ciudad de Barranquilla, departamento de Bol\u00edvar, sede del Carnaval de Barranquilla.<\/p>\n<p><strong>La emisi\u00f3n<\/strong>. La emisi\u00f3n postal: <strong>\u201cCentenario de la Primera Reina del Carnaval de Barranquilla 1918 \u2013 2018\u201d<\/strong> consta de 10.000 hojas bloque, para un total de 60.000 estampillas. La emisi\u00f3n postal contiene adem\u00e1s la carpeta, el bolet\u00edn informativo y los sobres de primer d\u00eda.<\/p>\n<p><strong><a href=\"https:\/\/www.afitecol.com\/wp-content\/uploads\/2018\/02\/BarranquillaReina3.jpeg\"><img loading=\"lazy\" decoding=\"async\" class=\"alignnone size-full wp-image-11772\" style=\"border: 0px; margin: 5px;\" title=\"BarranquillaReina3\" src=\"https:\/\/www.afitecol.com\/wp-content\/uploads\/2018\/02\/BarranquillaReina3.jpeg\" alt=\"BarranquillaReina3\" width=\"116\" height=\"91\" srcset=\"https:\/\/www.afitecol.com\/wp-content\/uploads\/2018\/02\/BarranquillaReina3.jpeg 539w, https:\/\/www.afitecol.com\/wp-content\/uploads\/2018\/02\/BarranquillaReina3-300x235.jpg 300w\" sizes=\"(max-width: 116px) 85vw, 116px\" \/><\/a>La hoja bloque<\/strong>. La hoja bloque, numerada, en tama\u00f1o de 130 x 100 mm, contiene 6 estampillas. La hoja bloque lleva en la parte superior el t\u00edtulo <strong>\u201cCarnaval de Barranquilla 2018, Febrero 10, 11, 12 y 13&#8243;<\/strong>, no haciendo menci\u00f3n al objetivo principal de la emisi\u00f3n postal <strong>\u201cCentenario de la Primera Reina del Carnaval de Barranquilla 1918 \u2013 2018\u201d.<\/strong><\/p>\n<p><strong>Las estampillas<\/strong>. Las estampillas tienen un valor facial de $ 3.000. Las estampillas tienen un tama\u00f1o de 40 x 30 mm, elaboradas en policrom\u00eda, m\u00e1s una tinta especial fluorescente invisible, en papel Truwhite y goma PVA.<\/p>\n<p><a href=\"https:\/\/www.afitecol.com\/wp-content\/uploads\/2018\/02\/BarranquillaReina3B.jpeg\" target=\"_blank\"><img loading=\"lazy\" decoding=\"async\" class=\"alignnone size-full wp-image-11775\" style=\"border: 0px; margin: 5px;\" title=\"BarranquillaReina3B\" src=\"https:\/\/www.afitecol.com\/wp-content\/uploads\/2018\/02\/BarranquillaReina3B.jpeg\" alt=\"BarranquillaReina3B\" width=\"122\" height=\"88\" srcset=\"https:\/\/www.afitecol.com\/wp-content\/uploads\/2018\/02\/BarranquillaReina3B.jpeg 338w, https:\/\/www.afitecol.com\/wp-content\/uploads\/2018\/02\/BarranquillaReina3B-300x216.jpg 300w\" sizes=\"(max-width: 122px) 85vw, 122px\" \/><\/a>La estampilla dedicada a la <strong>Primera Reina del Carnaval de Barranquilla<\/strong>, muestra un imagen en blanco y negro de Alicia Lafaurie Roncallo quien fue elegida primera Reina del Carnaval de Barranquilla, en 1918.<\/p>\n<p>Cuatro estampillas muestran distintos aspectos de las fiestas carnestol\u00e9ndicas y que se indican con los siguientes t\u00edtulos: <strong>Comparsa Selva africana<\/strong>; <strong>Danza el torito ribe\u00f1o 140 a\u00f1os de tradici\u00f3n<\/strong>; <strong>Cumbia s\u00edmbolo musical de Colombia ante el mundo <\/strong>y <strong>Danza diablos arlequines.<\/strong><\/p>\n<p>Una \u00faltima estampilla se dedica a la conmemoraci\u00f3n de los 25 a\u00f1os de la entidad <strong>Carnaval de Barranquilla S.A.S<\/strong>., que viene organizando la fiesta m\u00e1s grande de Colombia, desde 1992.<\/p>\n<p>El dise\u00f1o estuvo a cargo de Milena Mar\u00eda Mongu\u00ed.<\/p>\n<p><strong><a href=\"https:\/\/www.afitecol.com\/wp-content\/uploads\/2018\/02\/BarranquillaReina4A.jpeg\" target=\"_blank\"><img loading=\"lazy\" decoding=\"async\" class=\"alignnone size-full wp-image-11776\" style=\"border: 0px; margin: 5px;\" title=\"BarranquillaReina4A\" src=\"https:\/\/www.afitecol.com\/wp-content\/uploads\/2018\/02\/BarranquillaReina4A.jpeg\" alt=\"BarranquillaReina4A\" width=\"87\" height=\"46\" srcset=\"https:\/\/www.afitecol.com\/wp-content\/uploads\/2018\/02\/BarranquillaReina4A.jpeg 669w, https:\/\/www.afitecol.com\/wp-content\/uploads\/2018\/02\/BarranquillaReina4A-300x157.jpg 300w\" sizes=\"(max-width: 87px) 85vw, 87px\" \/><\/a> <a href=\"https:\/\/www.afitecol.com\/wp-content\/uploads\/2018\/02\/BarranquillaReina4B-1024x544.jpg\" target=\"_blank\"><img loading=\"lazy\" decoding=\"async\" class=\"alignnone size-large wp-image-11777\" style=\"border: 0px; margin: 5px;\" title=\"BarranquillaReina4B\" src=\"https:\/\/www.afitecol.com\/wp-content\/uploads\/2018\/02\/BarranquillaReina4B-1024x544.jpg\" alt=\"BarranquillaReina4B\" width=\"87\" height=\"46\" srcset=\"https:\/\/www.afitecol.com\/wp-content\/uploads\/2018\/02\/BarranquillaReina4B-1024x544.jpg 1024w, https:\/\/www.afitecol.com\/wp-content\/uploads\/2018\/02\/BarranquillaReina4B-300x159.jpg 300w, https:\/\/www.afitecol.com\/wp-content\/uploads\/2018\/02\/BarranquillaReina4B.jpeg 1325w\" sizes=\"(max-width: 87px) 85vw, 87px\" \/><\/a>Los sobres de primer d\u00eda<\/strong>. Se imprimieron 700 sobres numerados de primer d\u00eda de servicio, en dos motivos, para un toral de 1400.  El primer d\u00eda de servicio fue el 9 de febrero de 2018 y fue matasellado en la ciudad de Barranquilla, Departamento del Atl\u00e1ntico, Colombia.<\/p>\n<p><strong>Emisi\u00f3n Postal Relacionada<\/strong><\/p>\n<p>Se ha realizado, en a\u00f1os anteriores, una emisi\u00f3n postal relacionada con el Carnaval de Barranquilla:<\/p>\n<p><a href=\"https:\/\/www.afitecol.com\/wp-content\/uploads\/2018\/02\/BarranquillaReina5.jpeg\" target=\"_blank\"><img loading=\"lazy\" decoding=\"async\" class=\"alignnone size-full wp-image-11779\" style=\"border: 0px; margin: 5px;\" title=\"BarranquillaReina5\" src=\"https:\/\/www.afitecol.com\/wp-content\/uploads\/2018\/02\/BarranquillaReina5.jpeg\" alt=\"BarranquillaReina5\" width=\"87\" height=\"46\" \/><\/a><strong>1972. Carnaval de Barranquilla.<\/strong><\/p>\n","protected":false},"excerpt":{"rendered":"<p>Las fiestas de Carnaval fueron introducidas a Am\u00e9rica por los espa\u00f1oles y los portugueses; as\u00ed el Carnaval de Barranquilla tiene su origen antiguo en el Carnaval que vino a Am\u00e9rica desde Espa\u00f1a. El Primer Carnaval de Barranquilla se celebr\u00f3 en la ciudad hace m\u00e1s de un siglo, cuando Barranquilla era apenas una peque\u00f1a poblaci\u00f3n. La &hellip; <a href=\"https:\/\/www.afitecol.com\/?p=11765\" class=\"more-link\">Continuar leyendo<span class=\"screen-reader-text\"> \u00abEmisi\u00f3n postal: \u201cCentenario de la Primera Reina del Carnaval de Barranquilla 1918 \u2013 2018\u201d\u00bb<\/span><\/a><\/p>\n","protected":false},"author":2,"featured_media":0,"comment_status":"open","ping_status":"closed","sticky":false,"template":"","format":"standard","meta":{"footnotes":""},"categories":[5,16],"tags":[],"class_list":["post-11765","post","type-post","status-publish","format-standard","hentry","category-emisiones","category-tematica-colombia"],"_links":{"self":[{"href":"https:\/\/www.afitecol.com\/index.php?rest_route=\/wp\/v2\/posts\/11765"}],"collection":[{"href":"https:\/\/www.afitecol.com\/index.php?rest_route=\/wp\/v2\/posts"}],"about":[{"href":"https:\/\/www.afitecol.com\/index.php?rest_route=\/wp\/v2\/types\/post"}],"author":[{"embeddable":true,"href":"https:\/\/www.afitecol.com\/index.php?rest_route=\/wp\/v2\/users\/2"}],"replies":[{"embeddable":true,"href":"https:\/\/www.afitecol.com\/index.php?rest_route=%2Fwp%2Fv2%2Fcomments&post=11765"}],"version-history":[{"count":14,"href":"https:\/\/www.afitecol.com\/index.php?rest_route=\/wp\/v2\/posts\/11765\/revisions"}],"predecessor-version":[{"id":11786,"href":"https:\/\/www.afitecol.com\/index.php?rest_route=\/wp\/v2\/posts\/11765\/revisions\/11786"}],"wp:attachment":[{"href":"https:\/\/www.afitecol.com\/index.php?rest_route=%2Fwp%2Fv2%2Fmedia&parent=11765"}],"wp:term":[{"taxonomy":"category","embeddable":true,"href":"https:\/\/www.afitecol.com\/index.php?rest_route=%2Fwp%2Fv2%2Fcategories&post=11765"},{"taxonomy":"post_tag","embeddable":true,"href":"https:\/\/www.afitecol.com\/index.php?rest_route=%2Fwp%2Fv2%2Ftags&post=11765"}],"curies":[{"name":"wp","href":"https:\/\/api.w.org\/{rel}","templated":true}]}}