{"id":11754,"date":"2018-02-15T13:22:44","date_gmt":"2018-02-15T13:22:44","guid":{"rendered":"http:\/\/www.afitecol.com\/?p=11754"},"modified":"2018-02-15T13:22:44","modified_gmt":"2018-02-15T13:22:44","slug":"marca-postal-%e2%80%9ctreinta-anos-de-la-logia-estrella-de-america-n%c2%ba-29%e2%80%9d","status":"publish","type":"post","link":"https:\/\/www.afitecol.com\/?p=11754","title":{"rendered":"Marca postal: \u201cTreinta a\u00f1os de la Logia Estrella de Am\u00e9rica N\u00ba 29\u201d"},"content":{"rendered":"<p>La Gran Logia de Londres y Westminster, y que cumpli\u00f3 300 a\u00f1os el pasado 24 de junio de 2017, fue la <strong>Primera Gran Logia en el Mundo.<\/strong> El d\u00eda de San Juan, el 24 de junio, es un d\u00eda de gran importancia para los masones.<\/p>\n<p>La <strong>Masoner\u00eda en Colombia<\/strong> naci\u00f3 hace m\u00e1s de 200 a\u00f1os con el patrocinio de grandes personajes relacionados con la independencia de Colombia como Francisco de Paula Santander y Sim\u00f3n Bol\u00edvar, entre muchos otros y, ligada desde sus inicios a los pensamientos y corrientes liberales.<\/p>\n<p>La <strong>Logia Estrella de Am\u00e9rica N\u00ba 29<\/strong> fue fundada en 1987, por lo que el a\u00f1o pasado cumpli\u00f3 sus treinta a\u00f1os. La <strong>Logia Estrella de Am\u00e9rica N\u00ba 29 <\/strong>tiene su sede en la ciudad de Bogot\u00e1, D.C., capital de la Rep\u00fablica de Colombia.<\/p>\n<p>Para conmemorar los 30 a\u00f1os del levantamiento de las <strong>Columnas de la Respetable y Benem\u00e9rita Logia Estrella de Am\u00e9rica N\u00ba 29<\/strong>, el Gobierno de Colombia por intermedio del Ministerio de Tecnolog\u00edas de la Informaci\u00f3n y las Comunicaciones \u2013 MinTIC \u2013 autoriz\u00f3 una <strong><a href=\"https:\/\/www.afitecol.com\/?p=551\" target=\"_blank\">Marca postal<\/a><\/strong> denominada <strong>\u201cEstrella de Am\u00e9rica N\u00ba 29 Treinta a\u00f1os\u201d<\/strong>.<\/p>\n<p><strong>El acto protocolario<\/strong>. El acto protocolario de lanzamiento de la <strong>Marca postal<\/strong>: <strong>\u201cEstrella de Am\u00e9rica N\u00ba 29 Treinta a\u00f1os\u201d<\/strong>, tuvo lugar el pasado 25 de enero de 2018, en la Mansi\u00f3n Kopp, sal\u00f3n Santander, sede de la Gran Logia de Colombia, en la ciudad de Bogot\u00e1, D.C., con la presencia de directivos y miembros de la Masoner\u00eda Colombiana, directivos de 4-72 La Red Postal de Colombia, invitados especiales y de filatelistas.<\/p>\n<p><strong><a href=\"https:\/\/www.afitecol.com\/wp-content\/uploads\/2018\/02\/MarcaPostalMasones1.jpeg\" target=\"_blank\"><img loading=\"lazy\" decoding=\"async\" class=\"alignnone size-full wp-image-11757\" style=\"border: 0px; margin: 5px;\" title=\"MarcaPostalMasones\" src=\"https:\/\/www.afitecol.com\/wp-content\/uploads\/2018\/02\/MarcaPostalMasones1.jpeg\" alt=\"MarcaPostalMasones\" width=\"238\" height=\"136\" srcset=\"https:\/\/www.afitecol.com\/wp-content\/uploads\/2018\/02\/MarcaPostalMasones1.jpeg 660w, https:\/\/www.afitecol.com\/wp-content\/uploads\/2018\/02\/MarcaPostalMasones1-300x171.jpg 300w\" sizes=\"(max-width: 238px) 85vw, 238px\" \/><\/a>La Marca postal.<\/strong> La marca postal <strong>\u201cEstrella de Am\u00e9rica N\u00ba 29 Treinta a\u00f1os\u201d<\/strong>, se realiz\u00f3 en un sobre que tiene las siguientes caracter\u00edsticas: La Leyenda\u00a0A .\u00b7. L .\u00b7. G .\u00b7. D .\u00b7. G .\u00b7. A .\u00b7. D .\u00b7.U .\u00b7.   que significa: <strong>A La Gloria Del Gran Arquitecto Del Universo<\/strong>, adornada con los Logos de la Gran Logia de Colombia y de la Estrella de Am\u00e9rica N\u00ba 29, la estampilla que fue emitida con motivo De la Emisi\u00f3n postal: <strong><a href=\"https:\/\/www.afitecol.com\/?p=11096 \" target=\"_blank\">Masoner\u00eda Universal 300 a\u00f1os 1717 \u2013 2017\u201d<\/a> ,<\/strong> y el matasellos correspondiente a la conmemoraci\u00f3n.<\/p>\n<p>En la estampilla se encuentran los s\u00edmbolos m\u00e1s importantes de la masoner\u00eda,  s\u00edmbolos  que adornan la mansi\u00f3n Kopp, sede de la gran Logia de Colombia en la ciudad de Bogot\u00e1, D. C.<\/p>\n<p><strong>AFITECOL <\/strong>felicita a todos los amigos masones filatelistas por esta <strong>Marca Postal<\/strong>, principalmente a los<strong> Miembros de La Logia Estrella de Am\u00e9rica N\u00ba 29.<\/strong><\/p>\n","protected":false},"excerpt":{"rendered":"<p>La Gran Logia de Londres y Westminster, y que cumpli\u00f3 300 a\u00f1os el pasado 24 de junio de 2017, fue la Primera Gran Logia en el Mundo. El d\u00eda de San Juan, el 24 de junio, es un d\u00eda de gran importancia para los masones. La Masoner\u00eda en Colombia naci\u00f3 hace m\u00e1s de 200 a\u00f1os &hellip; <a href=\"https:\/\/www.afitecol.com\/?p=11754\" class=\"more-link\">Continuar leyendo<span class=\"screen-reader-text\"> \u00abMarca postal: \u201cTreinta a\u00f1os de la Logia Estrella de Am\u00e9rica N\u00ba 29\u201d\u00bb<\/span><\/a><\/p>\n","protected":false},"author":2,"featured_media":0,"comment_status":"open","ping_status":"closed","sticky":false,"template":"","format":"standard","meta":{"footnotes":""},"categories":[13],"tags":[],"class_list":["post-11754","post","type-post","status-publish","format-standard","hentry","category-marcas"],"_links":{"self":[{"href":"https:\/\/www.afitecol.com\/index.php?rest_route=\/wp\/v2\/posts\/11754"}],"collection":[{"href":"https:\/\/www.afitecol.com\/index.php?rest_route=\/wp\/v2\/posts"}],"about":[{"href":"https:\/\/www.afitecol.com\/index.php?rest_route=\/wp\/v2\/types\/post"}],"author":[{"embeddable":true,"href":"https:\/\/www.afitecol.com\/index.php?rest_route=\/wp\/v2\/users\/2"}],"replies":[{"embeddable":true,"href":"https:\/\/www.afitecol.com\/index.php?rest_route=%2Fwp%2Fv2%2Fcomments&post=11754"}],"version-history":[{"count":9,"href":"https:\/\/www.afitecol.com\/index.php?rest_route=\/wp\/v2\/posts\/11754\/revisions"}],"predecessor-version":[{"id":11764,"href":"https:\/\/www.afitecol.com\/index.php?rest_route=\/wp\/v2\/posts\/11754\/revisions\/11764"}],"wp:attachment":[{"href":"https:\/\/www.afitecol.com\/index.php?rest_route=%2Fwp%2Fv2%2Fmedia&parent=11754"}],"wp:term":[{"taxonomy":"category","embeddable":true,"href":"https:\/\/www.afitecol.com\/index.php?rest_route=%2Fwp%2Fv2%2Fcategories&post=11754"},{"taxonomy":"post_tag","embeddable":true,"href":"https:\/\/www.afitecol.com\/index.php?rest_route=%2Fwp%2Fv2%2Ftags&post=11754"}],"curies":[{"name":"wp","href":"https:\/\/api.w.org\/{rel}","templated":true}]}}