{"id":1155,"date":"2009-05-30T05:27:07","date_gmt":"2009-05-30T03:27:07","guid":{"rendered":"http:\/\/www.afitecol.com\/?p=1155"},"modified":"2018-04-13T23:59:45","modified_gmt":"2018-04-13T23:59:45","slug":"emision-guillermo-leon-valencia-100-anos-de-su-natalicio-1909-2009","status":"publish","type":"post","link":"https:\/\/www.afitecol.com\/?p=1155","title":{"rendered":"Emisi\u00f3n postal: \u00abGuillermo Le\u00f3n Valencia 100 a\u00f1os de su natalicio 1909-2009\u00bb"},"content":{"rendered":"<p><a href=\"https:\/\/www.afitecol.com\/wp-content\/uploads\/2009\/05\/guillermovalenciacara1a.jpg\"><img loading=\"lazy\" decoding=\"async\" class=\"alignleft size-medium wp-image-1157\" style=\"border: 0pt none; margin: 5px;\" title=\"guillermovalenciacara1a\" src=\"https:\/\/www.afitecol.com\/wp-content\/uploads\/2009\/05\/guillermovalenciacara1a-228x300.jpg\" alt=\"\" width=\"113\" height=\"150\" \/><\/a><strong>Guillermo Le\u00f3n Valencia: Gran Defensor de la Democracia<\/strong><\/p>\n<p>El Gobierno de la Rep\u00fablica de Colombia, por intermedio del Ministerio de <a href=\"https:\/\/www.afitecol.com\/wp-content\/uploads\/2009\/05\/guillermovalenciacara2a.jpg\"><img loading=\"lazy\" decoding=\"async\" class=\"alignright size-medium wp-image-1158\" style=\"border: 0pt none; margin: 5px;\" title=\"guillermovalenciacara2a\" src=\"https:\/\/www.afitecol.com\/wp-content\/uploads\/2009\/05\/guillermovalenciacara2a-228x300.jpg\" alt=\"\" width=\"113\" height=\"149\" srcset=\"https:\/\/www.afitecol.com\/wp-content\/uploads\/2009\/05\/guillermovalenciacara2a-228x300.jpg 228w, https:\/\/www.afitecol.com\/wp-content\/uploads\/2009\/05\/guillermovalenciacara2a.jpg 393w\" sizes=\"(max-width: 113px) 85vw, 113px\" \/><\/a>Comunicaciones ha querido rendir un homenaje al Presidente Guillermo Le\u00f3n Valencia Mu\u00f1oz, con la emisi\u00f3n de una estampilla conmemorativa del centenario de su natalicio.<br \/>\nEl Doctor Valencia naci\u00f3 en Popay\u00e1n, Colombia, el 27 de abril de 1909, en el hogar formado por el Maestro Guillermo Valencia y Do\u00f1a Josefina Mu\u00f1oz.\u00a0 En la misma ciudad se gradu\u00f3 de abogado.<br \/>\nComo pol\u00edtico se desempe\u00f1\u00f3 como concejal, diputado, senador, representante de Colombia ante la ONU, Embajador Extraordinario y Plenipotenciario en Espa\u00f1a y Presidente de la Rep\u00fablica, cargo que ejerci\u00f3 entre los a\u00f1os 1962 y 1966.<br \/>\nSu gobierno es recordado en el sector educativo porque durante su administraci\u00f3n se increment\u00f3 el presupuesto destinado a esta actividad, lo que facilit\u00f3 su desarrollo y la puso de acuerdo con las exigencias de la \u00e9poca, y porque se crearon los Departamentos del Quind\u00edo y la Guajira.<br \/>\nEl Doctor Valencia es rememorado por su brillante oratoria pronta, \u00e1gil\u00a0 y rica en an\u00e9cdotas. Despu\u00e9s de ejercer la Presidencia continu\u00f3 vinculado a la actividad pol\u00edtica hasta el final de sus d\u00edas, la que ocurri\u00f3 el 4 de noviembre de 1971 en la ciudad de Nueva York, Estados Unidos.<\/p>\n<p><strong>El Acto Protocolario<\/strong>: El 27 de mayo de 2009, en la ciudad de Popay\u00e1n, con la presencia del Presidente de la Rep\u00fablica, doctor \u00c1lvaro Uribe V\u00e9lez, de la Ministra de Comunicaciones Doctora Mar\u00eda del Rosario Guerra, de los Directivos de 4-72 y de invitados especiales se realiz\u00f3 el lanzamiento de la estampilla conmemorativa.<\/p>\n<p><strong>La Emisi\u00f3n<\/strong>: denominada Guillermo Le\u00f3n Valencia 100 a\u00f1os de su natalicio 1009-2009, aprobada por Resoluci\u00f3n N\u00ba 019 del 27 de mayo de 2009 de la Presidencia de Servicios Postales Nacionales, consta de 120.000 unidades.<\/p>\n<p><a href=\"https:\/\/www.afitecol.com\/wp-content\/uploads\/2009\/05\/guillermovalenciapliego1.jpg\"><img loading=\"lazy\" decoding=\"async\" class=\"alignleft size-medium wp-image-1160\" style=\"border: 1px solid black; margin: 5px;\" title=\"guillermovalenciapliego1\" src=\"https:\/\/www.afitecol.com\/wp-content\/uploads\/2009\/05\/guillermovalenciapliego1-196x300.jpg\" alt=\"\" width=\"113\" height=\"174\" srcset=\"https:\/\/www.afitecol.com\/wp-content\/uploads\/2009\/05\/guillermovalenciapliego1-196x300.jpg 196w, https:\/\/www.afitecol.com\/wp-content\/uploads\/2009\/05\/guillermovalenciapliego1.jpg 236w\" sizes=\"(max-width: 113px) 85vw, 113px\" \/><\/a><strong>El pliego especial<\/strong>: es un pliego compuesto de nueve estampillas.<\/p>\n<p><strong>La estampilla<\/strong>: tiene como motivo una fotograf\u00eda del Presidente Valencia de un archivo fotogr\u00e1fico del Diario el Tiempo de Bogot\u00e1 y como fondo la Plaza de Caldas de la ciudad de Popay\u00e1n, como aparec\u00eda en 1904; tiene un formato 30 x 40 mm, un valor facial de $ 4.200, en policrom\u00eda, papel sopal y goma tropicalizada.\u00a0 El dise\u00f1o estuvo a cargo del Dise\u00f1ador Camilo Restrepo Q.<\/p>\n<p><a href=\"https:\/\/www.afitecol.com\/wp-content\/uploads\/2009\/05\/guillermovalenciasobre1.jpg\"><img loading=\"lazy\" decoding=\"async\" class=\"alignleft size-medium wp-image-1161\" style=\"border: 1px solid black; margin: 5px;\" title=\"guillermovalenciasobre1\" src=\"https:\/\/www.afitecol.com\/wp-content\/uploads\/2009\/05\/guillermovalenciasobre1-300x158.jpg\" alt=\"\" width=\"113\" height=\"61\" srcset=\"https:\/\/www.afitecol.com\/wp-content\/uploads\/2009\/05\/guillermovalenciasobre1-300x158.jpg 300w, https:\/\/www.afitecol.com\/wp-content\/uploads\/2009\/05\/guillermovalenciasobre1.jpg 472w\" sizes=\"(max-width: 113px) 85vw, 113px\" \/><\/a><strong>El sobre de primer d\u00eda<\/strong>: se imprimieron 900 sobres numerados de primer d\u00eda, siendo el primer d\u00eda de servicio el 27 de mayo de 2009.<\/p>\n","protected":false},"excerpt":{"rendered":"<p>Guillermo Le\u00f3n Valencia: Gran Defensor de la Democracia El Gobierno de la Rep\u00fablica de Colombia, por intermedio del Ministerio de Comunicaciones ha querido rendir un homenaje al Presidente Guillermo Le\u00f3n Valencia Mu\u00f1oz, con la emisi\u00f3n de una estampilla conmemorativa del centenario de su natalicio. El Doctor Valencia naci\u00f3 en Popay\u00e1n, Colombia, el 27 de abril &hellip; <a href=\"https:\/\/www.afitecol.com\/?p=1155\" class=\"more-link\">Continuar leyendo<span class=\"screen-reader-text\"> \u00abEmisi\u00f3n postal: \u00abGuillermo Le\u00f3n Valencia 100 a\u00f1os de su natalicio 1909-2009\u00bb\u00bb<\/span><\/a><\/p>\n","protected":false},"author":2,"featured_media":0,"comment_status":"open","ping_status":"closed","sticky":false,"template":"","format":"standard","meta":{"footnotes":""},"categories":[5],"tags":[],"class_list":["post-1155","post","type-post","status-publish","format-standard","hentry","category-emisiones"],"_links":{"self":[{"href":"https:\/\/www.afitecol.com\/index.php?rest_route=\/wp\/v2\/posts\/1155"}],"collection":[{"href":"https:\/\/www.afitecol.com\/index.php?rest_route=\/wp\/v2\/posts"}],"about":[{"href":"https:\/\/www.afitecol.com\/index.php?rest_route=\/wp\/v2\/types\/post"}],"author":[{"embeddable":true,"href":"https:\/\/www.afitecol.com\/index.php?rest_route=\/wp\/v2\/users\/2"}],"replies":[{"embeddable":true,"href":"https:\/\/www.afitecol.com\/index.php?rest_route=%2Fwp%2Fv2%2Fcomments&post=1155"}],"version-history":[{"count":16,"href":"https:\/\/www.afitecol.com\/index.php?rest_route=\/wp\/v2\/posts\/1155\/revisions"}],"predecessor-version":[{"id":1655,"href":"https:\/\/www.afitecol.com\/index.php?rest_route=\/wp\/v2\/posts\/1155\/revisions\/1655"}],"wp:attachment":[{"href":"https:\/\/www.afitecol.com\/index.php?rest_route=%2Fwp%2Fv2%2Fmedia&parent=1155"}],"wp:term":[{"taxonomy":"category","embeddable":true,"href":"https:\/\/www.afitecol.com\/index.php?rest_route=%2Fwp%2Fv2%2Fcategories&post=1155"},{"taxonomy":"post_tag","embeddable":true,"href":"https:\/\/www.afitecol.com\/index.php?rest_route=%2Fwp%2Fv2%2Ftags&post=1155"}],"curies":[{"name":"wp","href":"https:\/\/api.w.org\/{rel}","templated":true}]}}