{"id":11389,"date":"2017-09-13T14:35:49","date_gmt":"2017-09-13T14:35:49","guid":{"rendered":"http:\/\/www.afitecol.com\/?p=11389"},"modified":"2017-09-13T14:35:49","modified_gmt":"2017-09-13T14:35:49","slug":"emision-postal-%e2%80%9csesquicentenario-universidad-nacional-de-colombia-1867-%e2%80%93-2017%e2%80%9d","status":"publish","type":"post","link":"https:\/\/www.afitecol.com\/?p=11389","title":{"rendered":"Emisi\u00f3n postal: \u201cSesquicentenario Universidad Nacional de Colombia 1867 \u2013 2017\u201d"},"content":{"rendered":"<p><a href=\"https:\/\/www.afitecol.com\/wp-content\/uploads\/2017\/09\/UNal1-779x1024.jpg\" target=\"_blank\"><img loading=\"lazy\" decoding=\"async\" class=\"alignnone size-large wp-image-11392\" style=\"border: 0px; margin: 5px;\" title=\"UNal1\" src=\"https:\/\/www.afitecol.com\/wp-content\/uploads\/2017\/09\/UNal1-779x1024.jpg\" alt=\"UNal1\" width=\"101\" height=\"133\" srcset=\"https:\/\/www.afitecol.com\/wp-content\/uploads\/2017\/09\/UNal1-779x1024.jpg 779w, https:\/\/www.afitecol.com\/wp-content\/uploads\/2017\/09\/UNal1-228x300.jpg 228w, https:\/\/www.afitecol.com\/wp-content\/uploads\/2017\/09\/UNal1.jpeg 849w\" sizes=\"(max-width: 101px) 85vw, 101px\" \/><\/a> <a href=\"https:\/\/www.afitecol.com\/wp-content\/uploads\/2017\/09\/UNal3-741x1024.jpg\" target=\"_blank\"><img loading=\"lazy\" decoding=\"async\" class=\"alignnone size-large wp-image-11393\" style=\"border: 0px; margin: 5px;\" title=\"UNal3\" src=\"https:\/\/www.afitecol.com\/wp-content\/uploads\/2017\/09\/UNal3-741x1024.jpg\" alt=\"UNal3\" width=\"101\" height=\"133\" \/><\/a> <a href=\"https:\/\/www.afitecol.com\/wp-content\/uploads\/2017\/09\/UNal2-779x1024.jpg\" target=\"_blank\"><img loading=\"lazy\" decoding=\"async\" class=\"alignnone size-large wp-image-11394\" style=\"border: 0px; margin: 5px;\" title=\"UNal2\" src=\"https:\/\/www.afitecol.com\/wp-content\/uploads\/2017\/09\/UNal2-779x1024.jpg\" alt=\"UNal2\" width=\"101\" height=\"133\" srcset=\"https:\/\/www.afitecol.com\/wp-content\/uploads\/2017\/09\/UNal2-779x1024.jpg 779w, https:\/\/www.afitecol.com\/wp-content\/uploads\/2017\/09\/UNal2-228x300.jpg 228w, https:\/\/www.afitecol.com\/wp-content\/uploads\/2017\/09\/UNal2.jpeg 849w\" sizes=\"(max-width: 101px) 85vw, 101px\" \/><\/a>El pr\u00f3ximo 22 de septiembre de 2017 la <strong>Universidad Nacional de Colombia<\/strong>,  patrimonio de todos los colombianos, cumplir\u00e1 ciento cincuenta a\u00f1os de vida muy fruct\u00edfera.<\/p>\n<p>La <strong>Universidad Nacional de Colombia<\/strong>, la principal instituci\u00f3n de educaci\u00f3n superior p\u00fablica de Colombia, fue creada el <strong>22 de septiembre de 1867<\/strong> por el Congreso de los <strong>Estados Unidos de Colombia<\/strong>, el nombre en ese tiempo de la actual Rep\u00fablica de Colombia, mediante la Ley 66.<\/p>\n<p>La <strong>Universidad Nacional de Colombia<\/strong> es una Universidad p\u00fablica y aut\u00f3noma del orden nacional colombiano,\u200b con una poblaci\u00f3n estudiantil cercana a los 50.000  estudiantes, y una poblaci\u00f3n profesoral pr\u00f3xima a los 3.000 profesores, con los m\u00e1s altos grados acad\u00e9micos<\/p>\n<p>La <strong>Universidad Nacional de Colombia<\/strong> tiene las siguientes sedes: Bogot\u00e1, Medell\u00edn, Manizales, Palmira, Amazonia (Leticia), Orinoquia (Arauca), Caribe (San Andr\u00e9s) y Tumaco, siendo la sede de Bogot\u00e1 la m\u00e1s grande de todas y donde se encuentra as\u00ed mismo el mayor n\u00famero de programas acad\u00e9micos, de estudiantes y de profesores.<\/p>\n<p>Para la celebraci\u00f3n de estos ciento cincuenta a\u00f1os de vida se han programado una serie de actividades acad\u00e9micas y culturales, el Gobierno de Colombia se ha unido a estos eventos, y ha autorizado por medio de la Resoluci\u00f3n N\u00ba 1180 del 15 de mayo de 2017 del Ministerio de Tecnolog\u00edas de la Informaci\u00f3n y las Comunicaciones la emisi\u00f3n postal <strong>\u201cSesquicentenario Universidad Nacional de Colombia 1867 \u2013 2017\u201d.<\/strong><\/p>\n<p><strong>El acto protocolario<\/strong>. El Acto Protocolario del lanzamiento de la emisi\u00f3n postal <strong>\u201cSesquicentenario Universidad Nacional de Colombia 1867 \u2013 2017\u201d <\/strong>tuvo lugar el 31 de agosto de 2017, en la Hemeroteca Nacional en la ciudad de Bogot\u00e1, D.C., Rep\u00fablica de Colombia, con la presencia de Directivos y docentes de la Universidad, de directivos de 4-72 La Red Postal de Colombia, Invitados especiales y filatelistas.<\/p>\n<p><strong>La emisi\u00f3n<\/strong>. La emisi\u00f3n postal: <strong>\u201cSesquicentenario Universidad Nacional de Colombia 1867 \u2013 2017\u201d<\/strong> consta de 7.488 hojas bloque, para un total de 89.856 estampillas. La emisi\u00f3n postal contiene adem\u00e1s, la carpeta, tres sobres de primer d\u00eda y un bolet\u00edn informativo.<\/p>\n<p><strong><a href=\"https:\/\/www.afitecol.com\/wp-content\/uploads\/2017\/09\/UNalHoja-681x1024.jpg\" target=\"_blank\"><img loading=\"lazy\" decoding=\"async\" class=\"alignnone size-large wp-image-11396\" style=\"border: 0px; margin: 5px;\" title=\"UNalHoja\" src=\"https:\/\/www.afitecol.com\/wp-content\/uploads\/2017\/09\/UNalHoja-681x1024.jpg\" alt=\"UNalHoja\" width=\"88\" height=\"133\" srcset=\"https:\/\/www.afitecol.com\/wp-content\/uploads\/2017\/09\/UNalHoja-681x1024.jpg 681w, https:\/\/www.afitecol.com\/wp-content\/uploads\/2017\/09\/UNalHoja-199x300.jpg 199w, https:\/\/www.afitecol.com\/wp-content\/uploads\/2017\/09\/UNalHoja.jpeg 1082w\" sizes=\"(max-width: 88px) 85vw, 88px\" \/><\/a>La hoja bloque<\/strong>. La hoja bloque, numerada, de 133 x 203 mm, lleva en la parte superior en fondo negro con letras blancas el t\u00edtulo de la emisi\u00f3n postal Sesquicentenario y en un c\u00edrculo blanco las seis \u00e1reas del conocimiento integradas y el escudo de la Universidad y el t\u00edtulo de la misma. La hoja bloque contiene 12 estampillas y 8 bandeletas.<\/p>\n<p><strong>Las estampillas<\/strong>. Las estampillas, en tama\u00f1o de 30 x 40 mm. y valor facial de $ 2.000, est\u00e1n confeccionadas en policrom\u00eda, m\u00e1s una tinta especial fluorescente invisible, papel Truwhite y goma PVA.<\/p>\n<p><strong>Estampillas que representa las seis grandes \u00e1reas del conocimiento<\/strong>:<\/p>\n<p><strong><a href=\"https:\/\/www.afitecol.com\/wp-content\/uploads\/2017\/09\/UNalEstamp1.jpeg\" target=\"_blank\"><img loading=\"lazy\" decoding=\"async\" class=\"alignnone size-full wp-image-11398\" style=\"border: 0px; margin: 5px;\" title=\"UNalEstamp1\" src=\"https:\/\/www.afitecol.com\/wp-content\/uploads\/2017\/09\/UNalEstamp1.jpeg\" alt=\"UNalEstamp1\" width=\"56\" height=\"73\" srcset=\"https:\/\/www.afitecol.com\/wp-content\/uploads\/2017\/09\/UNalEstamp1.jpeg 262w, https:\/\/www.afitecol.com\/wp-content\/uploads\/2017\/09\/UNalEstamp1-231x300.jpg 231w\" sizes=\"(max-width: 56px) 85vw, 56px\" \/><\/a>La balanza<\/strong>: representa las ciencias sociales y humanas<\/p>\n<p><strong><a href=\"https:\/\/www.afitecol.com\/wp-content\/uploads\/2017\/09\/UNalEstamp2.jpeg\" target=\"_blank\"><img loading=\"lazy\" decoding=\"async\" class=\"alignnone size-full wp-image-11399\" style=\"border: 0px; margin: 5px;\" title=\"UNalEstamp2\" src=\"https:\/\/www.afitecol.com\/wp-content\/uploads\/2017\/09\/UNalEstamp2.jpeg\" alt=\"UNalEstamp2\" width=\"56\" height=\"73\" srcset=\"https:\/\/www.afitecol.com\/wp-content\/uploads\/2017\/09\/UNalEstamp2.jpeg 262w, https:\/\/www.afitecol.com\/wp-content\/uploads\/2017\/09\/UNalEstamp2-231x300.jpg 231w\" sizes=\"(max-width: 56px) 85vw, 56px\" \/><\/a>La espiga<\/strong>: representa las ciencias agropecuarias<\/p>\n<p><strong><a href=\"https:\/\/www.afitecol.com\/wp-content\/uploads\/2017\/09\/UNalEstamp3.jpeg\" target=\"_blank\"><img loading=\"lazy\" decoding=\"async\" class=\"alignnone size-full wp-image-11400\" style=\"border: 0px; margin: 5px;\" title=\"UNalEstamp3\" src=\"https:\/\/www.afitecol.com\/wp-content\/uploads\/2017\/09\/UNalEstamp3.jpeg\" alt=\"UNalEstamp3\" width=\"56\" height=\"73\" srcset=\"https:\/\/www.afitecol.com\/wp-content\/uploads\/2017\/09\/UNalEstamp3.jpeg 262w, https:\/\/www.afitecol.com\/wp-content\/uploads\/2017\/09\/UNalEstamp3-231x300.jpg 231w\" sizes=\"(max-width: 56px) 85vw, 56px\" \/><\/a>El arpa<\/strong>: representa las artes<\/p>\n<p><strong><a href=\"https:\/\/www.afitecol.com\/wp-content\/uploads\/2017\/09\/UNalEstamp4.jpeg\" target=\"_blank\"><img loading=\"lazy\" decoding=\"async\" class=\"alignnone size-full wp-image-11401\" style=\"border: 0px; margin: 5px;\" title=\"UNalEstamp4\" src=\"https:\/\/www.afitecol.com\/wp-content\/uploads\/2017\/09\/UNalEstamp4.jpeg\" alt=\"UNalEstamp4\" width=\"56\" height=\"73\" srcset=\"https:\/\/www.afitecol.com\/wp-content\/uploads\/2017\/09\/UNalEstamp4.jpeg 262w, https:\/\/www.afitecol.com\/wp-content\/uploads\/2017\/09\/UNalEstamp4-231x300.jpg 231w\" sizes=\"(max-width: 56px) 85vw, 56px\" \/><\/a>La letra griega Pi<\/strong>: representa  la ingenier\u00eda<\/p>\n<p><strong><a href=\"https:\/\/www.afitecol.com\/wp-content\/uploads\/2017\/09\/UNalEstamp5.jpeg\"><img loading=\"lazy\" decoding=\"async\" class=\"alignnone size-full wp-image-11402\" style=\"border: 0px; margin: 5px;\" title=\"UNalEstamp5\" src=\"https:\/\/www.afitecol.com\/wp-content\/uploads\/2017\/09\/UNalEstamp5.jpeg\" alt=\"UNalEstamp5\" width=\"56\" height=\"73\" \/><\/a>La serpiente alrededor de una copa<\/strong>: representa las ciencias de la salud.<\/p>\n<p><strong><a href=\"https:\/\/www.afitecol.com\/wp-content\/uploads\/2017\/09\/UNalEstamp6.jpeg\"><img loading=\"lazy\" decoding=\"async\" class=\"alignnone size-full wp-image-11403\" style=\"border: 0px; margin: 5px;\" title=\"UNalEstamp6\" src=\"https:\/\/www.afitecol.com\/wp-content\/uploads\/2017\/09\/UNalEstamp6.jpeg\" alt=\"UNalEstamp6\" width=\"56\" height=\"73\" \/><\/a>La letra Phi<\/strong>: representa  las ciencias<\/p>\n<p><strong>Estampillas con el escudo de la Universidad<\/strong><\/p>\n<p><a href=\"https:\/\/www.afitecol.com\/wp-content\/uploads\/2017\/09\/UNalEscud1.jpeg\" target=\"_blank\"><img loading=\"lazy\" decoding=\"async\" class=\"alignnone size-full wp-image-11404\" style=\"border: 0px; margin: 5px;\" title=\"UNalEscud1\" src=\"https:\/\/www.afitecol.com\/wp-content\/uploads\/2017\/09\/UNalEscud1.jpeg\" alt=\"UNalEscud1\" width=\"56\" height=\"73\" \/><\/a> <a href=\"https:\/\/www.afitecol.com\/wp-content\/uploads\/2017\/09\/UNalEscud2.jpeg\" target=\"_blank\"><img loading=\"lazy\" decoding=\"async\" class=\"alignnone size-full wp-image-11405\" style=\"border: 0px; margin: 5px;\" title=\"UNalEscud2\" src=\"https:\/\/www.afitecol.com\/wp-content\/uploads\/2017\/09\/UNalEscud2.jpeg\" alt=\"UNalEscud2\" width=\"56\" height=\"73\" \/><\/a> <a href=\"https:\/\/www.afitecol.com\/wp-content\/uploads\/2017\/09\/UNalEscud3.jpeg\" target=\"_blank\"><img loading=\"lazy\" decoding=\"async\" class=\"alignnone size-full wp-image-11406\" style=\"border: 0px; margin: 5px;\" title=\"UNalEscud3\" src=\"https:\/\/www.afitecol.com\/wp-content\/uploads\/2017\/09\/UNalEscud3.jpeg\" alt=\"UNalEscud3\" width=\"56\" height=\"73\" \/><\/a><\/p>\n<p><strong>Estampillas que muestran la integraci\u00f3n de las \u00e1reas del conocimiento, encerradas por un c\u00edrculo.<\/strong><\/p>\n<p><a href=\"https:\/\/www.afitecol.com\/wp-content\/uploads\/2017\/09\/UNalIntegr11.jpeg\" target=\"_blank\"><img loading=\"lazy\" decoding=\"async\" class=\"alignnone size-full wp-image-11410\" style=\"border: 0px; margin: 5px;\" title=\"UNalIntegr1\" src=\"https:\/\/www.afitecol.com\/wp-content\/uploads\/2017\/09\/UNalIntegr11.jpeg\" alt=\"UNalIntegr1\" width=\"56\" height=\"73\" \/><\/a><a href=\"https:\/\/www.afitecol.com\/wp-content\/uploads\/2017\/09\/UNalIntegr2.jpeg\" target=\"_blank\"><img loading=\"lazy\" decoding=\"async\" class=\"alignnone size-full wp-image-11408\" style=\"border: 0px; margin: 5px;\" title=\"UNalIntegr2\" src=\"https:\/\/www.afitecol.com\/wp-content\/uploads\/2017\/09\/UNalIntegr2.jpeg\" alt=\"UNalIntegr2\" width=\"56\" height=\"73\" \/><\/a> <a href=\"https:\/\/www.afitecol.com\/wp-content\/uploads\/2017\/09\/UNalIntegr3.jpeg\" target=\"_blank\"><img loading=\"lazy\" decoding=\"async\" class=\"alignnone size-full wp-image-11411\" style=\"border: 0px; margin: 5px;\" title=\"UNalIntegr3\" src=\"https:\/\/www.afitecol.com\/wp-content\/uploads\/2017\/09\/UNalIntegr3.jpeg\" alt=\"UNalIntegr3\" width=\"56\" height=\"73\" \/><\/a><\/p>\n<p><strong>Las bandeletas.<\/strong> Las bandeletas indican el nombre de las ocho sedes que tiene la Universidad Nacional a lo largo del territorio colombiano.<\/p>\n<p><a href=\"https:\/\/www.afitecol.com\/wp-content\/uploads\/2017\/09\/UNalBandeleta1.jpeg\" target=\"_blank\"><img loading=\"lazy\" decoding=\"async\" class=\"alignnone size-full wp-image-11412\" style=\"border: 0px; margin: 5px;\" title=\"UNalBandeleta1\" src=\"https:\/\/www.afitecol.com\/wp-content\/uploads\/2017\/09\/UNalBandeleta1.jpeg\" alt=\"UNalBandeleta1\" width=\"347\" height=\"67\" srcset=\"https:\/\/www.afitecol.com\/wp-content\/uploads\/2017\/09\/UNalBandeleta1.jpeg 963w, https:\/\/www.afitecol.com\/wp-content\/uploads\/2017\/09\/UNalBandeleta1-300x57.jpg 300w\" sizes=\"(max-width: 347px) 85vw, 347px\" \/><\/a><\/p>\n<p><a href=\"https:\/\/www.afitecol.com\/wp-content\/uploads\/2017\/09\/UNalBandeleta2.jpeg\" target=\"_blank\"><img loading=\"lazy\" decoding=\"async\" class=\"alignnone size-full wp-image-11413\" style=\"border: 0px; margin: 5px;\" title=\"UNalBandeleta2\" src=\"https:\/\/www.afitecol.com\/wp-content\/uploads\/2017\/09\/UNalBandeleta2.jpeg\" alt=\"UNalBandeleta2\" width=\"347\" height=\"67\" srcset=\"https:\/\/www.afitecol.com\/wp-content\/uploads\/2017\/09\/UNalBandeleta2.jpeg 963w, https:\/\/www.afitecol.com\/wp-content\/uploads\/2017\/09\/UNalBandeleta2-300x57.jpg 300w\" sizes=\"(max-width: 347px) 85vw, 347px\" \/><\/a><\/p>\n<p>El dise\u00f1o estuvo a cargo de la Unidad de Medios de la Universidad Nacional.<\/p>\n<p><strong><a href=\"https:\/\/www.afitecol.com\/wp-content\/uploads\/2017\/09\/UNalSob1.jpeg\" target=\"_blank\"><img loading=\"lazy\" decoding=\"async\" class=\"alignnone size-full wp-image-11415\" style=\"border: 0px; margin: 5px;\" title=\"UNalSob1\" src=\"https:\/\/www.afitecol.com\/wp-content\/uploads\/2017\/09\/UNalSob1.jpeg\" alt=\"UNalSob1\" width=\"143\" height=\"75\" srcset=\"https:\/\/www.afitecol.com\/wp-content\/uploads\/2017\/09\/UNalSob1.jpeg 664w, https:\/\/www.afitecol.com\/wp-content\/uploads\/2017\/09\/UNalSob1-300x156.jpg 300w\" sizes=\"(max-width: 143px) 85vw, 143px\" \/><\/a> <a href=\"https:\/\/www.afitecol.com\/wp-content\/uploads\/2017\/09\/UNalSob2.jpeg\" target=\"_blank\"><img loading=\"lazy\" decoding=\"async\" class=\"alignnone size-full wp-image-11416\" style=\"border: 0px; margin: 5px;\" title=\"UNalSob2\" src=\"https:\/\/www.afitecol.com\/wp-content\/uploads\/2017\/09\/UNalSob2.jpeg\" alt=\"UNalSob2\" width=\"143\" height=\"75\" srcset=\"https:\/\/www.afitecol.com\/wp-content\/uploads\/2017\/09\/UNalSob2.jpeg 664w, https:\/\/www.afitecol.com\/wp-content\/uploads\/2017\/09\/UNalSob2-300x156.jpg 300w\" sizes=\"(max-width: 143px) 85vw, 143px\" \/><\/a> <a href=\"https:\/\/www.afitecol.com\/wp-content\/uploads\/2017\/09\/UNalSob3.jpeg\" target=\"_blank\"><img loading=\"lazy\" decoding=\"async\" class=\"alignnone size-full wp-image-11417\" style=\"border: 0px; margin: 5px;\" title=\"UNalSob3\" src=\"https:\/\/www.afitecol.com\/wp-content\/uploads\/2017\/09\/UNalSob3.jpeg\" alt=\"UNalSob3\" width=\"143\" height=\"75\" srcset=\"https:\/\/www.afitecol.com\/wp-content\/uploads\/2017\/09\/UNalSob3.jpeg 495w, https:\/\/www.afitecol.com\/wp-content\/uploads\/2017\/09\/UNalSob3-300x160.jpg 300w\" sizes=\"(max-width: 143px) 85vw, 143px\" \/><\/a><\/strong><\/p>\n<p><strong><a href=\"https:\/\/www.afitecol.com\/wp-content\/uploads\/2017\/09\/UNalSob3.jpeg\" target=\"_blank\"><\/a>El sobre de primer d\u00eda<\/strong>. Se imprimaron 2.250 sobres numerados de primer d\u00eda. El primer d\u00eda de circulaci\u00f3n fue el 31 de agosto de 2017 y fue matasellado en la ciudad de Bogot\u00e1, D.C., Colombia.<\/p>\n","protected":false},"excerpt":{"rendered":"<p>El pr\u00f3ximo 22 de septiembre de 2017 la Universidad Nacional de Colombia, patrimonio de todos los colombianos, cumplir\u00e1 ciento cincuenta a\u00f1os de vida muy fruct\u00edfera. La Universidad Nacional de Colombia, la principal instituci\u00f3n de educaci\u00f3n superior p\u00fablica de Colombia, fue creada el 22 de septiembre de 1867 por el Congreso de los Estados Unidos de &hellip; <a href=\"https:\/\/www.afitecol.com\/?p=11389\" class=\"more-link\">Continuar leyendo<span class=\"screen-reader-text\"> \u00abEmisi\u00f3n postal: \u201cSesquicentenario Universidad Nacional de Colombia 1867 \u2013 2017\u201d\u00bb<\/span><\/a><\/p>\n","protected":false},"author":2,"featured_media":0,"comment_status":"open","ping_status":"closed","sticky":false,"template":"","format":"standard","meta":{"footnotes":""},"categories":[5],"tags":[],"class_list":["post-11389","post","type-post","status-publish","format-standard","hentry","category-emisiones"],"_links":{"self":[{"href":"https:\/\/www.afitecol.com\/index.php?rest_route=\/wp\/v2\/posts\/11389"}],"collection":[{"href":"https:\/\/www.afitecol.com\/index.php?rest_route=\/wp\/v2\/posts"}],"about":[{"href":"https:\/\/www.afitecol.com\/index.php?rest_route=\/wp\/v2\/types\/post"}],"author":[{"embeddable":true,"href":"https:\/\/www.afitecol.com\/index.php?rest_route=\/wp\/v2\/users\/2"}],"replies":[{"embeddable":true,"href":"https:\/\/www.afitecol.com\/index.php?rest_route=%2Fwp%2Fv2%2Fcomments&post=11389"}],"version-history":[{"count":11,"href":"https:\/\/www.afitecol.com\/index.php?rest_route=\/wp\/v2\/posts\/11389\/revisions"}],"predecessor-version":[{"id":11423,"href":"https:\/\/www.afitecol.com\/index.php?rest_route=\/wp\/v2\/posts\/11389\/revisions\/11423"}],"wp:attachment":[{"href":"https:\/\/www.afitecol.com\/index.php?rest_route=%2Fwp%2Fv2%2Fmedia&parent=11389"}],"wp:term":[{"taxonomy":"category","embeddable":true,"href":"https:\/\/www.afitecol.com\/index.php?rest_route=%2Fwp%2Fv2%2Fcategories&post=11389"},{"taxonomy":"post_tag","embeddable":true,"href":"https:\/\/www.afitecol.com\/index.php?rest_route=%2Fwp%2Fv2%2Ftags&post=11389"}],"curies":[{"name":"wp","href":"https:\/\/api.w.org\/{rel}","templated":true}]}}