{"id":10728,"date":"2017-02-05T15:11:46","date_gmt":"2017-02-05T15:11:46","guid":{"rendered":"http:\/\/www.afitecol.com\/?p=10728"},"modified":"2017-04-20T15:40:04","modified_gmt":"2017-04-20T15:40:04","slug":"emision-postal-%e2%80%9cprograma-antartico-colombiano%e2%80%9d","status":"publish","type":"post","link":"https:\/\/www.afitecol.com\/?p=10728","title":{"rendered":"Emisi\u00f3n postal: \u201cPrograma Ant\u00e1rtico Colombiano\u201d"},"content":{"rendered":"<p><a href=\"https:\/\/www.afitecol.com\/wp-content\/uploads\/2017\/02\/EmisionAntartico1-1013x1024.jpg\" target=\"_blank\"><img loading=\"lazy\" decoding=\"async\" class=\"alignnone size-large wp-image-10732\" style=\"border: 0px; margin: 5px;\" title=\"EmisionAntartico1\" src=\"https:\/\/www.afitecol.com\/wp-content\/uploads\/2017\/02\/EmisionAntartico1-1013x1024.jpg\" alt=\"EmisionAntartico1\" width=\"79\" height=\"80\" srcset=\"https:\/\/www.afitecol.com\/wp-content\/uploads\/2017\/02\/EmisionAntartico1-1013x1024.jpg 1013w, https:\/\/www.afitecol.com\/wp-content\/uploads\/2017\/02\/EmisionAntartico1-150x150.jpg 150w, https:\/\/www.afitecol.com\/wp-content\/uploads\/2017\/02\/EmisionAntartico1-296x300.jpg 296w, https:\/\/www.afitecol.com\/wp-content\/uploads\/2017\/02\/EmisionAntartico1.jpeg 1558w\" sizes=\"(max-width: 79px) 85vw, 79px\" \/><\/a> <a href=\"https:\/\/www.afitecol.com\/wp-content\/uploads\/2017\/02\/EmisionAntartico2-1013x1024.jpg\" target=\"_blank\"><img loading=\"lazy\" decoding=\"async\" class=\"alignnone size-large wp-image-10733\" style=\"border: 0px; margin: 5px;\" title=\"EmisionAntartico2\" src=\"https:\/\/www.afitecol.com\/wp-content\/uploads\/2017\/02\/EmisionAntartico2-1013x1024.jpg\" alt=\"EmisionAntartico2\" width=\"79\" height=\"80\" srcset=\"https:\/\/www.afitecol.com\/wp-content\/uploads\/2017\/02\/EmisionAntartico2-1013x1024.jpg 1013w, https:\/\/www.afitecol.com\/wp-content\/uploads\/2017\/02\/EmisionAntartico2-150x150.jpg 150w, https:\/\/www.afitecol.com\/wp-content\/uploads\/2017\/02\/EmisionAntartico2-296x300.jpg 296w, https:\/\/www.afitecol.com\/wp-content\/uploads\/2017\/02\/EmisionAntartico2.jpeg 1558w\" sizes=\"(max-width: 79px) 85vw, 79px\" \/><\/a>En el a\u00f1o 2016 Colombia se hizo presente una vez m\u00e1s en la <strong>Ant\u00e1rtida<\/strong> para continuar con una serie de investigaciones cient\u00edficas relacionadas, entre otras, con la evoluci\u00f3n del clima, el cambio clim\u00e1tico, las adaptaciones y la biodiversidad de organismos a ese medio tan especial, as\u00ed como el estudio de las relaciones entre Am\u00e9rica del Sur y la Ant\u00e1rtida.<\/p>\n<p>A principios de los a\u00f1os ochenta <strong>Colombia<\/strong> se adhiri\u00f3 al <strong>Tratado Ant\u00e1rtico<\/strong> y ahora busca ser <strong>Miembro Consultivo<\/strong> para participar en las decisiones que inquietan al <strong>Continente Blanco<\/strong> o <strong>Sexto Continente.<\/strong><\/p>\n<p>Por ahora y hasta que el Tratado concluya en el a\u00f1o 2048, la \u00fanica forma de exploraci\u00f3n permitida en este Continente es cient\u00edfica, ya que el <strong>Tratado Ant\u00e1rtico<\/strong> y su <strong>Protocolo de Protecci\u00f3n Ambiental<\/strong> proh\u00edben cualquier actividad de explotaci\u00f3n minera, b\u00e9lica o de cualquiera otra naturaleza.<\/p>\n<p>La <strong>Ant\u00e1rtida<\/strong> es un lugar extraordinario donde existe entre el ochenta y el noventa por ciento del agua dulce del planeta tierra. Es el \u00fanico lugar del planeta donde los pa\u00edses trabajan juntos con el objetivo de preservar su inmenso valor cient\u00edfico y geopol\u00edtico para el bien com\u00fan, bajo un Tratado firmado en 1959, Continente que <em>\u201cno le pertenece a nadie y pertenece a todos\u201d.<\/em><\/p>\n<p>Para exaltar el trabajo realizado por el <strong>Programa Ant\u00e1rtico Colombiano<\/strong>, que se ha ido solidificando en los \u00faltimos treinta a\u00f1os, a trav\u00e9s de visitas peri\u00f3dicas, no solo para hacer presencia geopol\u00edtica en ese continente, sino principalmente para hacer ciencia con la participaci\u00f3n, entre otras, de la Marina, la Fuerza A\u00e9rea y varias universidades e instituciones nacionales e internacionales, el Gobierno de Colombia por intermedio del Ministerio de Tecnolog\u00edas de la informaci\u00f3n y las Comunicaciones ha autorizado la emisi\u00f3n postal denominada <strong>\u201cPrograma Ant\u00e1rtico Colombiano\u201d.<\/strong><\/p>\n<p><strong>Acto protocolario<\/strong>. El acto protocolario de lanzamiento de la Emisi\u00f3n postal <strong>\u201cPrograma Ant\u00e1rtico Colombiano\u201d<\/strong> no se ha llevado a cabo hasta el momento, pero las estampillas para el env\u00edo de la correspondencia ya se encuentran a la venta.<\/p>\n<p><strong>La emisi\u00f3n<\/strong>. La emisi\u00f3n postal <strong>\u201cPrograma Ant\u00e1rtico Colombiano\u201d<\/strong> consta de 3.500 hojas bloque, para un total de 21.000 estampillas, con un valor facial de $ 10.000. La emisi\u00f3n postal contiene adem\u00e1s la carpeta y el bolet\u00edn informativo.<\/p>\n<p><strong><a href=\"https:\/\/www.afitecol.com\/wp-content\/uploads\/2017\/02\/EmisionAntartico3.png\" target=\"_blank\"><img loading=\"lazy\" decoding=\"async\" class=\"alignnone size-full wp-image-10735\" style=\"border: 0px; margin: 5px;\" title=\"EmisionAntartico3\" src=\"https:\/\/www.afitecol.com\/wp-content\/uploads\/2017\/02\/EmisionAntartico3.png\" alt=\"EmisionAntartico3\" width=\"94\" height=\"101\" srcset=\"https:\/\/www.afitecol.com\/wp-content\/uploads\/2017\/02\/EmisionAntartico3.png 725w, https:\/\/www.afitecol.com\/wp-content\/uploads\/2017\/02\/EmisionAntartico3-279x300.png 279w\" sizes=\"(max-width: 94px) 85vw, 94px\" \/><\/a>La hoja bloque<\/strong>. La hoja bloque numerada consta de 6 estampillas.<\/p>\n<p><strong><a href=\"https:\/\/www.afitecol.com\/wp-content\/uploads\/2017\/02\/EmisionAntartico4.jpeg\" target=\"_blank\"><img loading=\"lazy\" decoding=\"async\" class=\"alignnone size-full wp-image-10736\" style=\"border: 0px; margin: 5px;\" title=\"EmisionAntartico4\" src=\"https:\/\/www.afitecol.com\/wp-content\/uploads\/2017\/02\/EmisionAntartico4.jpeg\" alt=\"EmisionAntartico4\" width=\"38\" height=\"61\" srcset=\"https:\/\/www.afitecol.com\/wp-content\/uploads\/2017\/02\/EmisionAntartico4.jpeg 296w, https:\/\/www.afitecol.com\/wp-content\/uploads\/2017\/02\/EmisionAntartico4-188x300.jpg 188w\" sizes=\"(max-width: 38px) 85vw, 38px\" \/><\/a>Las estampillas<\/strong>. Las estampillas con valor facial de $ 10.000, tienen un tama\u00f1o de 30 x 40 mm, en policrom\u00eda, m\u00e1s una tinta especial fluorescente, en papel Truwhite y goma PVA. La estampilla muestra la posici\u00f3n de Colombia en el Continente Suramericano, adem\u00e1s la posici\u00f3n del Continente Blanco y la distancia que tuvo que recorrer el Buque ARC 20 de Julio.<\/p>\n<p>El dise\u00f1o estuvo a cargo de Ximena Diaz Ortiz, de la Comisi\u00f3n T\u00e9cnica del Oc\u00e9ano.<\/p>\n<p><strong><a href=\"https:\/\/www.afitecol.com\/wp-content\/uploads\/2017\/02\/EmisionAntartico5-1024x536.jpg\" target=\"_blank\"><img loading=\"lazy\" decoding=\"async\" class=\"alignnone size-large wp-image-10737\" style=\"border: 0px; margin: 5px;\" title=\"EmisionAntartico5\" src=\"https:\/\/www.afitecol.com\/wp-content\/uploads\/2017\/02\/EmisionAntartico5-1024x536.jpg\" alt=\"EmisionAntartico5\" width=\"80\" height=\"42\" srcset=\"https:\/\/www.afitecol.com\/wp-content\/uploads\/2017\/02\/EmisionAntartico5-1024x536.jpg 1024w, https:\/\/www.afitecol.com\/wp-content\/uploads\/2017\/02\/EmisionAntartico5-300x157.jpg 300w, https:\/\/www.afitecol.com\/wp-content\/uploads\/2017\/02\/EmisionAntartico5.jpeg 1316w\" sizes=\"(max-width: 80px) 85vw, 80px\" \/><\/a>El sobre de Primer D\u00eda<\/strong>. Se imprimieron 750 sobres numerados de primer d\u00eda de circulaci\u00f3n, siendo este el 13 de diciembre de 2016 y matasellado en la ciudad de Bogot\u00e1, D.C. Colombia.<\/p>\n<p><strong>NOTA<\/strong>. \u00a0El <strong>Acto Protocolario<\/strong> de lanzamiento de la emisi\u00f3n postal <span style=\"font-weight: bold;\">\u201cPrograma Ant\u00e1rtico Colombiano\u201d, <\/span><span style=\"font-weight: bold;\"> tuvo lugar el d\u00eda 20 de abril de 2017 en el Aula M\u00e1xima de la Universidad Militar, en la ciudad de Bogot\u00e1, D.C., Colombia, con la presencia del personal que particip\u00f3 en dicha misi\u00f3n y tuvo lugar dentro del Programa <strong>\u00abColombia en la Ant\u00e1rtica del Tr\u00f3pico al Sur\u00bb,<\/strong> con asistencia adem\u00e1s de Representantes de otros pa\u00edses participantes en el Programa, invitados especiales de Argentina, Chile, Ecuador y China, entre otros, Directivos de la Armada Nacional de Colombia, directivos de 4-72 La Red Postal de Colombia, invitados especiales y Filatelistas. \u00a0<strong>AFITECOL<\/strong> estuvo presente en dicho lanzamiento.<\/span><\/p>\n","protected":false},"excerpt":{"rendered":"<p>En el a\u00f1o 2016 Colombia se hizo presente una vez m\u00e1s en la Ant\u00e1rtida para continuar con una serie de investigaciones cient\u00edficas relacionadas, entre otras, con la evoluci\u00f3n del clima, el cambio clim\u00e1tico, las adaptaciones y la biodiversidad de organismos a ese medio tan especial, as\u00ed como el estudio de las relaciones entre Am\u00e9rica del &hellip; <a href=\"https:\/\/www.afitecol.com\/?p=10728\" class=\"more-link\">Continuar leyendo<span class=\"screen-reader-text\"> \u00abEmisi\u00f3n postal: \u201cPrograma Ant\u00e1rtico Colombiano\u201d\u00bb<\/span><\/a><\/p>\n","protected":false},"author":2,"featured_media":0,"comment_status":"open","ping_status":"closed","sticky":false,"template":"","format":"standard","meta":{"footnotes":""},"categories":[5],"tags":[],"class_list":["post-10728","post","type-post","status-publish","format-standard","hentry","category-emisiones"],"_links":{"self":[{"href":"https:\/\/www.afitecol.com\/index.php?rest_route=\/wp\/v2\/posts\/10728"}],"collection":[{"href":"https:\/\/www.afitecol.com\/index.php?rest_route=\/wp\/v2\/posts"}],"about":[{"href":"https:\/\/www.afitecol.com\/index.php?rest_route=\/wp\/v2\/types\/post"}],"author":[{"embeddable":true,"href":"https:\/\/www.afitecol.com\/index.php?rest_route=\/wp\/v2\/users\/2"}],"replies":[{"embeddable":true,"href":"https:\/\/www.afitecol.com\/index.php?rest_route=%2Fwp%2Fv2%2Fcomments&post=10728"}],"version-history":[{"count":10,"href":"https:\/\/www.afitecol.com\/index.php?rest_route=\/wp\/v2\/posts\/10728\/revisions"}],"predecessor-version":[{"id":10860,"href":"https:\/\/www.afitecol.com\/index.php?rest_route=\/wp\/v2\/posts\/10728\/revisions\/10860"}],"wp:attachment":[{"href":"https:\/\/www.afitecol.com\/index.php?rest_route=%2Fwp%2Fv2%2Fmedia&parent=10728"}],"wp:term":[{"taxonomy":"category","embeddable":true,"href":"https:\/\/www.afitecol.com\/index.php?rest_route=%2Fwp%2Fv2%2Fcategories&post=10728"},{"taxonomy":"post_tag","embeddable":true,"href":"https:\/\/www.afitecol.com\/index.php?rest_route=%2Fwp%2Fv2%2Ftags&post=10728"}],"curies":[{"name":"wp","href":"https:\/\/api.w.org\/{rel}","templated":true}]}}