{"id":10716,"date":"2017-01-28T13:30:13","date_gmt":"2017-01-28T13:30:13","guid":{"rendered":"http:\/\/www.afitecol.com\/?p=10716"},"modified":"2018-04-22T00:18:27","modified_gmt":"2018-04-22T00:18:27","slug":"emision-postal-%e2%80%9ccentro-de-relevo-colombia-15-anos%e2%80%9d","status":"publish","type":"post","link":"https:\/\/www.afitecol.com\/?p=10716","title":{"rendered":"Emisi\u00f3n postal: \u201cCentro de Relevo Colombia 15 a\u00f1os\u201d"},"content":{"rendered":"<p><a href=\"https:\/\/www.afitecol.com\/wp-content\/uploads\/2017\/01\/CentroRelevoA.jpeg\" target=\"_blank\"><img loading=\"lazy\" decoding=\"async\" class=\"alignnone size-large wp-image-11995\" style=\"border: 0px; margin: 5px;\" title=\"CentroRelevoA\" src=\"https:\/\/www.afitecol.com\/wp-content\/uploads\/2017\/01\/CentroRelevoA-787x1024.jpg\" alt=\"CentroRelevoA\" width=\"102\" height=\"133\" srcset=\"https:\/\/www.afitecol.com\/wp-content\/uploads\/2017\/01\/CentroRelevoA-787x1024.jpg 787w, https:\/\/www.afitecol.com\/wp-content\/uploads\/2017\/01\/CentroRelevoA-230x300.jpg 230w, https:\/\/www.afitecol.com\/wp-content\/uploads\/2017\/01\/CentroRelevoA.jpeg 841w\" sizes=\"(max-width: 102px) 85vw, 102px\" \/><\/a> <a href=\"https:\/\/www.afitecol.com\/wp-content\/uploads\/2017\/01\/CentroRelevoB-787x1024.jpg\" target=\"_blank\"><img loading=\"lazy\" decoding=\"async\" class=\"alignnone size-large wp-image-11996\" style=\"margin: 5px;\" title=\"CentroRelevoB\" src=\"https:\/\/www.afitecol.com\/wp-content\/uploads\/2017\/01\/CentroRelevoB-787x1024.jpg\" alt=\"CentroRelevoB\" width=\"102\" height=\"133\" srcset=\"https:\/\/www.afitecol.com\/wp-content\/uploads\/2017\/01\/CentroRelevoB-787x1024.jpg 787w, https:\/\/www.afitecol.com\/wp-content\/uploads\/2017\/01\/CentroRelevoB-230x300.jpg 230w, https:\/\/www.afitecol.com\/wp-content\/uploads\/2017\/01\/CentroRelevoB.jpeg 841w\" sizes=\"(max-width: 102px) 85vw, 102px\" \/><\/a>Con el objeto de permitir la comunicaci\u00f3n bidireccional entre personas sordas y oyentes se fund\u00f3 en Colombia, en el a\u00f1o 2001, lo que se conoce con el nombre de <strong>Centro de Relevo<\/strong>.<\/p>\n<p>El <strong>Ministerio de Comunicaciones de Colombia<\/strong>, hoy Ministerio de Tecnolog\u00edas de la Informaci\u00f3n y las Comunicaciones- MINTIC, y la <strong>Federaci\u00f3n Nacional de Sordos de Colombia<\/strong>&#8211; FENASCOL, unieron esfuerzos en ese tiempo, para dar soluci\u00f3n a un gran n\u00famero de personas que se encuentran en esa condici\u00f3n de discapacidad.<\/p>\n<p>A trav\u00e9s de una plataforma tecnol\u00f3gica especial y con unos int\u00e9rpretes especiales en l\u00ednea se facilita la comunicaci\u00f3n entre sordos y oyentes que se encuentren en un mismo espacio, as\u00ed como para facilitar la comunicaci\u00f3n en los puntos de atenci\u00f3n del usuario de entidades p\u00fablicas y privadas de todo el pa\u00eds, en reuniones de trabajo o en consultas m\u00e9dicas.<\/p>\n<p>Este servicio tiene cobertura en todo el territorio colombiano, lo que permite la inclusi\u00f3n de la poblaci\u00f3n sorda de diferentes regiones del pa\u00eds y el uso de tecnolog\u00edas dise\u00f1adas para su beneficio.<\/p>\n<p>Para celebrar los 15 a\u00f1os de la fundaci\u00f3n del <strong>Centro de Relevo<\/strong>, el Ministerio de Tecnolog\u00edas de la Informaci\u00f3n y las Comunicaciones autoriz\u00f3 la Emisi\u00f3n postal: <strong>\u201cCentro de Relevo Colombia 15 a\u00f1os\u201d<\/strong>.<\/p>\n<p><strong>Acto protocolario<\/strong>. El acto protocolario de lanzamiento de la Emisi\u00f3n postal <strong>\u201cCentro de Relevo Colombia 15 a\u00f1os\u201d<\/strong> no se ha llevado a cabo, pero las estampillas para el env\u00edo de la correspondencia ya se encuentran a la venta.<\/p>\n<p><strong>La emisi\u00f3n<\/strong>. La emisi\u00f3n postal <strong>\u201cCentro de Relevo Colombia 15 a\u00f1os\u201d<\/strong> consta de 8.000 hojas bloque, para un total de 48.000 estampillas, con un valor facial de $ 5.000 y 2.000 hojas filat\u00e9licas en forma de un disco, con un valor facial de $ 30.000.<\/p>\n<p>La emisi\u00f3n postal <strong>\u201cCentro de Relevo Colombia 15 a\u00f1os\u201d<\/strong> hasta el momento no contiene ni la carpeta ni el bolet\u00edn informativo.<\/p>\n<p><strong><a href=\"https:\/\/www.afitecol.com\/wp-content\/uploads\/2017\/01\/CentroRelevo2.png\" target=\"_blank\"><img loading=\"lazy\" decoding=\"async\" class=\"alignnone size-full wp-image-10718\" style=\"border: 0px; margin: 5px;\" title=\"CentroRelevo2\" src=\"https:\/\/www.afitecol.com\/wp-content\/uploads\/2017\/01\/CentroRelevo2.png\" alt=\"CentroRelevo2\" width=\"100\" height=\"76\" srcset=\"https:\/\/www.afitecol.com\/wp-content\/uploads\/2017\/01\/CentroRelevo2.png 771w, https:\/\/www.afitecol.com\/wp-content\/uploads\/2017\/01\/CentroRelevo2-300x229.png 300w\" sizes=\"(max-width: 100px) 85vw, 100px\" \/><\/a>La hoja bloque<\/strong>. La hoja bloque numerada consta de 6 estampillas.<\/p>\n<p><strong><a href=\"https:\/\/www.afitecol.com\/wp-content\/uploads\/2017\/01\/CentroRelevo1.png\" target=\"_blank\"><img loading=\"lazy\" decoding=\"async\" class=\"alignnone size-full wp-image-10719\" style=\"border: 0px; margin: 5px;\" title=\"CentroRelevo1\" src=\"https:\/\/www.afitecol.com\/wp-content\/uploads\/2017\/01\/CentroRelevo1.png\" alt=\"CentroRelevo1\" width=\"101\" height=\"102\" srcset=\"https:\/\/www.afitecol.com\/wp-content\/uploads\/2017\/01\/CentroRelevo1.png 782w, https:\/\/www.afitecol.com\/wp-content\/uploads\/2017\/01\/CentroRelevo1-150x150.png 150w, https:\/\/www.afitecol.com\/wp-content\/uploads\/2017\/01\/CentroRelevo1-298x300.png 298w\" sizes=\"(max-width: 101px) 85vw, 101px\" \/><\/a>La hoja filat\u00e9lica<\/strong>. La hoja filat\u00e9lica contiene 1 estampilla.<\/p>\n<p><strong><a href=\"https:\/\/www.afitecol.com\/wp-content\/uploads\/2017\/01\/CentroRelevo4.jpeg\" target=\"_blank\"><img loading=\"lazy\" decoding=\"async\" class=\"alignnone size-full wp-image-10722\" style=\"border: 0px; margin: 5px;\" title=\"CentroRelevo4\" src=\"https:\/\/www.afitecol.com\/wp-content\/uploads\/2017\/01\/CentroRelevo4.jpeg\" alt=\"CentroRelevo4\" width=\"43\" height=\"31\" srcset=\"https:\/\/www.afitecol.com\/wp-content\/uploads\/2017\/01\/CentroRelevo4.jpeg 330w, https:\/\/www.afitecol.com\/wp-content\/uploads\/2017\/01\/CentroRelevo4-300x219.jpg 300w\" sizes=\"(max-width: 43px) 85vw, 43px\" \/><\/a>Las estampillas<\/strong>. Las estampillas con valor facial de $ 5.000, tienen un tama\u00f1o de 40 x 30 mm, en papel Truwhite, goma PVA y en policrom\u00eda.<\/p>\n<p><a href=\"https:\/\/www.afitecol.com\/wp-content\/uploads\/2017\/01\/CentroRelevo5.png\" target=\"_blank\"><img loading=\"lazy\" decoding=\"async\" class=\"alignnone size-full wp-image-10721\" style=\"border: 0px; margin: 5px;\" title=\"CentroRelevo5\" src=\"https:\/\/www.afitecol.com\/wp-content\/uploads\/2017\/01\/CentroRelevo5.png\" alt=\"CentroRelevo5\" width=\"38\" height=\"42\" \/><\/a><strong>Las estampillas<\/strong> con valor facial de $ 30.000 tienen una forma ovalada.<\/p>\n<p><strong><a href=\"https:\/\/www.afitecol.com\/wp-content\/uploads\/2017\/01\/CentroRelevo3-1024x533.jpg\" target=\"_blank\"><img loading=\"lazy\" decoding=\"async\" class=\"alignnone size-large wp-image-10723\" style=\"border: 0px; margin: 5px;\" title=\"CentroRelevo3\" src=\"https:\/\/www.afitecol.com\/wp-content\/uploads\/2017\/01\/CentroRelevo3-1024x533.jpg\" alt=\"CentroRelevo3\" width=\"80\" height=\"41\" srcset=\"https:\/\/www.afitecol.com\/wp-content\/uploads\/2017\/01\/CentroRelevo3-1024x533.jpg 1024w, https:\/\/www.afitecol.com\/wp-content\/uploads\/2017\/01\/CentroRelevo3-300x156.jpg 300w, https:\/\/www.afitecol.com\/wp-content\/uploads\/2017\/01\/CentroRelevo3.jpeg 1316w\" sizes=\"(max-width: 80px) 85vw, 80px\" \/><\/a>El sobre de Primer D\u00eda<\/strong>. El sobre de primer d\u00eda fue matasellado en la ciudad de Bogot\u00e1, D.C. Colombia el 3 de diciembre de 2016.<\/p>\n","protected":false},"excerpt":{"rendered":"<p>Con el objeto de permitir la comunicaci\u00f3n bidireccional entre personas sordas y oyentes se fund\u00f3 en Colombia, en el a\u00f1o 2001, lo que se conoce con el nombre de Centro de Relevo. El Ministerio de Comunicaciones de Colombia, hoy Ministerio de Tecnolog\u00edas de la Informaci\u00f3n y las Comunicaciones- MINTIC, y la Federaci\u00f3n Nacional de Sordos &hellip; <a href=\"https:\/\/www.afitecol.com\/?p=10716\" class=\"more-link\">Continuar leyendo<span class=\"screen-reader-text\"> \u00abEmisi\u00f3n postal: \u201cCentro de Relevo Colombia 15 a\u00f1os\u201d\u00bb<\/span><\/a><\/p>\n","protected":false},"author":2,"featured_media":0,"comment_status":"open","ping_status":"closed","sticky":false,"template":"","format":"standard","meta":{"footnotes":""},"categories":[5],"tags":[],"class_list":["post-10716","post","type-post","status-publish","format-standard","hentry","category-emisiones"],"_links":{"self":[{"href":"https:\/\/www.afitecol.com\/index.php?rest_route=\/wp\/v2\/posts\/10716"}],"collection":[{"href":"https:\/\/www.afitecol.com\/index.php?rest_route=\/wp\/v2\/posts"}],"about":[{"href":"https:\/\/www.afitecol.com\/index.php?rest_route=\/wp\/v2\/types\/post"}],"author":[{"embeddable":true,"href":"https:\/\/www.afitecol.com\/index.php?rest_route=\/wp\/v2\/users\/2"}],"replies":[{"embeddable":true,"href":"https:\/\/www.afitecol.com\/index.php?rest_route=%2Fwp%2Fv2%2Fcomments&post=10716"}],"version-history":[{"count":9,"href":"https:\/\/www.afitecol.com\/index.php?rest_route=\/wp\/v2\/posts\/10716\/revisions"}],"predecessor-version":[{"id":11999,"href":"https:\/\/www.afitecol.com\/index.php?rest_route=\/wp\/v2\/posts\/10716\/revisions\/11999"}],"wp:attachment":[{"href":"https:\/\/www.afitecol.com\/index.php?rest_route=%2Fwp%2Fv2%2Fmedia&parent=10716"}],"wp:term":[{"taxonomy":"category","embeddable":true,"href":"https:\/\/www.afitecol.com\/index.php?rest_route=%2Fwp%2Fv2%2Fcategories&post=10716"},{"taxonomy":"post_tag","embeddable":true,"href":"https:\/\/www.afitecol.com\/index.php?rest_route=%2Fwp%2Fv2%2Ftags&post=10716"}],"curies":[{"name":"wp","href":"https:\/\/api.w.org\/{rel}","templated":true}]}}