{"id":1052,"date":"2009-05-12T05:56:09","date_gmt":"2009-05-12T03:56:09","guid":{"rendered":"http:\/\/www.afitecol.com\/?p=1052"},"modified":"2018-04-13T22:39:42","modified_gmt":"2018-04-13T22:39:42","slug":"emision-escuela-superior-de-guerra-100-anos-1909-2009","status":"publish","type":"post","link":"https:\/\/www.afitecol.com\/?p=1052","title":{"rendered":"Emisi\u00f3n postal:\u00bbEscuela Superior de Guerra 100 a\u00f1os: 1909-2009&#8243;"},"content":{"rendered":"<p><a href=\"https:\/\/www.afitecol.com\/wp-content\/uploads\/2009\/05\/escsupguerracara1.jpg\"><img loading=\"lazy\" decoding=\"async\" class=\"alignleft size-medium wp-image-1054\" style=\"border: 0pt none; margin: 5px;\" title=\"escsupguerracara1\" src=\"https:\/\/www.afitecol.com\/wp-content\/uploads\/2009\/05\/escsupguerracara1-221x300.jpg\" alt=\"\" width=\"132\" height=\"180\" srcset=\"https:\/\/www.afitecol.com\/wp-content\/uploads\/2009\/05\/escsupguerracara1-221x300.jpg 221w, https:\/\/www.afitecol.com\/wp-content\/uploads\/2009\/05\/escsupguerracara1.jpg 1642w\" sizes=\"(max-width: 132px) 85vw, 132px\" \/><\/a><strong>Escuela Superior de Guerra 100 a\u00f1os<\/strong><\/p>\n<p>El Gobierno Nacional\u00a0 de Colombia a trav\u00e9s del Ministerio de Comunicaciones autoriz\u00f3 una emisi\u00f3n especial\u00a0 para conmemorar los 100 a\u00f1os de fundaci\u00f3n de la <a href=\"http:\/\/www.esdegue.mil.co\/index.php?option=com_content&amp;view=frontpage&amp;Itemid=1\" target=\"_blank\">Escuela Superior de Guerra<\/a>.<a href=\"https:\/\/www.afitecol.com\/wp-content\/uploads\/2009\/05\/escsupguerracara2.jpg\"><img loading=\"lazy\" decoding=\"async\" class=\"alignright size-medium wp-image-1055\" style=\"border: 0pt none; margin: 5px;\" title=\"escsupguerracara2\" src=\"https:\/\/www.afitecol.com\/wp-content\/uploads\/2009\/05\/escsupguerracara2-223x300.jpg\" alt=\"\" width=\"132\" height=\"180\" \/><\/a><\/p>\n<p>La Escuela Superior de Guerra fue creada el 1 de mayo de 1909, mediante Decreto 453, durante el gobierno del General Rafael Reyes.\u00a0 Inici\u00f3 labores acad\u00e9micas el 8 de mayo del mismo a\u00f1o.<\/p>\n<p><a href=\"https:\/\/www.afitecol.com\/wp-content\/uploads\/2009\/05\/escsupguerracurso.jpg\"><img loading=\"lazy\" decoding=\"async\" class=\"size-medium wp-image-1057 alignnone\" style=\"border: 0pt none; margin: 5px;\" title=\"escsupguerracurso\" src=\"https:\/\/www.afitecol.com\/wp-content\/uploads\/2009\/05\/escsupguerracurso-300x207.jpg\" alt=\"\" width=\"219\" height=\"146\" \/><\/a><\/p>\n<p style=\"text-align: left;\">Primer Curso de Aplicaci\u00f3n, 1910<\/p>\n<p>En la actualidad es la Instituci\u00f3n de m\u00e1s alto nivel en las Fuerzas Militares.<\/p>\n<p>Tiene como misi\u00f3n \u201ccapacitar a los oficiales superiores de las Fuerzas Militares como Comandantes integrales, lideres y estrategas, expertos en el planeamiento y la conducci\u00f3n de operaciones conjuntas y asesores en seguridad y defensa nacionales; adem\u00e1s contribuye a la creaci\u00f3n de una cultura de seguridad y defensa nacionales en la ciudadan\u00eda; para ganar la guerra, consolidar la paz y contribuir en el desarrollo del pa\u00eds\u201d.<\/p>\n<p>Hoy la Escuela, siguiendo el rumbo de su evoluci\u00f3n, ofrece dentro de sus programas acad\u00e9micos la Maestr\u00eda y Especializaci\u00f3n en Seguridad y Defensa Nacional y la Especializaci\u00f3n en Comando y Estado Mayor, muy reconocidos a nivel internacional. Adem\u00e1s, ofrece los cursos de Formaci\u00f3n de Docentes , de Agregados Militares,\u00a0 Seguridad y Defensa Nacionales, Integral de Defensa Nacional, Informaci\u00f3n Militar para Profesionales Oficiales de Reserva, Orientaci\u00f3n sobre Defensa Nacional, Informaci\u00f3n Militar, Estado Mayor y Altos Estudios Militares.<\/p>\n<p><strong>Acto Protocolario:<\/strong> Dentro del marco de la celebraci\u00f3n de los 100 a\u00f1os se realiz\u00f3 el Encuentro Internacional de Directores de Escuelas de Guerra \u201cUna Visi\u00f3n de la Educaci\u00f3n Superior Militar en el siglo XXI\u201d, con la participaci\u00f3n de Argentina, Bolivia, Canad\u00e1, Chile, Estados Unidos, Guatemala, Honduras, M\u00e9xico, Per\u00fa, Uruguay, Rep\u00fablica Dominicana, Suecia, Reino Unido de Gran Breta\u00f1a e Irlanda del Norte.<\/p>\n<p>En la clausura de este encuentro internacional y con la presencia del Se\u00f1or Presidente de la Rep\u00fablica \u00c1lvaro Uribe V\u00e9lez, se realiz\u00f3 la emisi\u00f3n de la estampilla conmemorativa.<\/p>\n<p><strong>La emisi\u00f3n:<\/strong> Escuela Superior de Guerra100 a\u00f1os, aprobada por Resoluci\u00f3n N\u00ba 017 de la Presidencia de Servicios Postales Nacionales del 8 de Mayo de 2009, consta de 90.000 unidades, adem\u00e1s de 8 postales.<\/p>\n<p><a href=\"https:\/\/www.afitecol.com\/wp-content\/uploads\/2009\/09\/emisionguerraplieg.jpg\"><img loading=\"lazy\" decoding=\"async\" class=\"alignleft size-medium wp-image-1675\" style=\"border: 0pt none; margin: 5px;\" title=\"emisionguerraplieg\" src=\"https:\/\/www.afitecol.com\/wp-content\/uploads\/2009\/09\/emisionguerraplieg-300x256.jpg\" alt=\"\" width=\"180\" height=\"154\" srcset=\"https:\/\/www.afitecol.com\/wp-content\/uploads\/2009\/09\/emisionguerraplieg-300x256.jpg 300w, https:\/\/www.afitecol.com\/wp-content\/uploads\/2009\/09\/emisionguerraplieg.jpg 397w\" sizes=\"(max-width: 180px) 85vw, 180px\" \/><\/a><strong>El pliego especial<\/strong>: el pliego especial est\u00e1 conformado por 9 estampillas<br \/>\n<strong>La estampilla<\/strong>: en tama\u00f1o de 40 x 30 mm. y con un valor facial de $ 5.500, en<a href=\"https:\/\/www.afitecol.com\/wp-content\/uploads\/2009\/09\/emisionguerraest.jpg\"><img loading=\"lazy\" decoding=\"async\" class=\"alignright size-medium wp-image-1676\" title=\"emisionguerraest\" src=\"https:\/\/www.afitecol.com\/wp-content\/uploads\/2009\/09\/emisionguerraest.jpg\" alt=\"\" width=\"119\" height=\"89\" \/><\/a> papel sopal y goma tropicalizada, tiene como motivo la fotograf\u00eda del General Rafael Reyes Prieto, fundador de la Escuela y Presidente de la Rep\u00fablica.<\/p>\n<p>La diagramaci\u00f3n estuvo a cargo de la dise\u00f1adora Milena Mar\u00eda Mongu\u00ed.<\/p>\n<p><a href=\"https:\/\/www.afitecol.com\/wp-content\/uploads\/2009\/09\/emisionguerrasobr.jpg\"><img loading=\"lazy\" decoding=\"async\" class=\"alignleft size-medium wp-image-1677\" style=\"border: 0pt none; margin: 5px;\" title=\"emisionguerrasobr\" src=\"https:\/\/www.afitecol.com\/wp-content\/uploads\/2009\/09\/emisionguerrasobr-300x155.jpg\" alt=\"\" width=\"180\" height=\"93\" srcset=\"https:\/\/www.afitecol.com\/wp-content\/uploads\/2009\/09\/emisionguerrasobr-300x155.jpg 300w, https:\/\/www.afitecol.com\/wp-content\/uploads\/2009\/09\/emisionguerrasobr.jpg 469w\" sizes=\"(max-width: 180px) 85vw, 180px\" \/><\/a><strong>El sobre de primer d\u00eda<\/strong>: se imprimieron 900 sobres numerados de primer d\u00eda,\u00a0 siendo el 8 de mayo de 2009 el d\u00eda de emisi\u00f3n.<\/p>\n<p><strong>Afitecol<\/strong> desea a la Escuela Superior de Guerra muchos \u00e9xitos.<\/p>\n","protected":false},"excerpt":{"rendered":"<p>Escuela Superior de Guerra 100 a\u00f1os El Gobierno Nacional\u00a0 de Colombia a trav\u00e9s del Ministerio de Comunicaciones autoriz\u00f3 una emisi\u00f3n especial\u00a0 para conmemorar los 100 a\u00f1os de fundaci\u00f3n de la Escuela Superior de Guerra. La Escuela Superior de Guerra fue creada el 1 de mayo de 1909, mediante Decreto 453, durante el gobierno del General &hellip; <a href=\"https:\/\/www.afitecol.com\/?p=1052\" class=\"more-link\">Continuar leyendo<span class=\"screen-reader-text\"> \u00abEmisi\u00f3n postal:\u00bbEscuela Superior de Guerra 100 a\u00f1os: 1909-2009&#8243;\u00bb<\/span><\/a><\/p>\n","protected":false},"author":2,"featured_media":0,"comment_status":"open","ping_status":"closed","sticky":false,"template":"","format":"standard","meta":{"footnotes":""},"categories":[5],"tags":[],"class_list":["post-1052","post","type-post","status-publish","format-standard","hentry","category-emisiones"],"_links":{"self":[{"href":"https:\/\/www.afitecol.com\/index.php?rest_route=\/wp\/v2\/posts\/1052"}],"collection":[{"href":"https:\/\/www.afitecol.com\/index.php?rest_route=\/wp\/v2\/posts"}],"about":[{"href":"https:\/\/www.afitecol.com\/index.php?rest_route=\/wp\/v2\/types\/post"}],"author":[{"embeddable":true,"href":"https:\/\/www.afitecol.com\/index.php?rest_route=\/wp\/v2\/users\/2"}],"replies":[{"embeddable":true,"href":"https:\/\/www.afitecol.com\/index.php?rest_route=%2Fwp%2Fv2%2Fcomments&post=1052"}],"version-history":[{"count":15,"href":"https:\/\/www.afitecol.com\/index.php?rest_route=\/wp\/v2\/posts\/1052\/revisions"}],"predecessor-version":[{"id":1674,"href":"https:\/\/www.afitecol.com\/index.php?rest_route=\/wp\/v2\/posts\/1052\/revisions\/1674"}],"wp:attachment":[{"href":"https:\/\/www.afitecol.com\/index.php?rest_route=%2Fwp%2Fv2%2Fmedia&parent=1052"}],"wp:term":[{"taxonomy":"category","embeddable":true,"href":"https:\/\/www.afitecol.com\/index.php?rest_route=%2Fwp%2Fv2%2Fcategories&post=1052"},{"taxonomy":"post_tag","embeddable":true,"href":"https:\/\/www.afitecol.com\/index.php?rest_route=%2Fwp%2Fv2%2Ftags&post=1052"}],"curies":[{"name":"wp","href":"https:\/\/api.w.org\/{rel}","templated":true}]}}