{"id":1040,"date":"2009-05-15T18:57:42","date_gmt":"2009-05-15T16:57:42","guid":{"rendered":"http:\/\/www.afitecol.com\/?p=1040"},"modified":"2014-05-05T16:56:14","modified_gmt":"2014-05-05T16:56:14","slug":"nestor-jr-alvarez-gonzalez-1980-2009","status":"publish","type":"post","link":"https:\/\/www.afitecol.com\/?p=1040","title":{"rendered":"Joven filatelista: N\u00e9stor Jr., \u00c1lvarez Gonz\u00e1lez (1980-2009)"},"content":{"rendered":"<p>El pasado 15 de marzo de 2009 dej\u00f3 de existir nuestro amigo filatelista <strong>N\u00e9stor Jr. \u00c1lvarez Gonz\u00e1lez<\/strong>, en un absurdo accidente de tr\u00e1nsito, en el Valle del Cauca, cerca del sitio donde prestaba sus servicios profesionales.<\/p>\n<p>N\u00e9stor Jr., hab\u00eda nacido el 5 de Abril de 1980 en la Ciudad de Bogot\u00e1, D.C., en la familia conformada por los filatelistas N\u00e9stor \u00c1lvarez Reyes y Mar\u00eda Cristina Gonz\u00e1lez.\u00a0 N\u00e9stor Jr comienza a incursionar en el mundo de la filatelia a sus escasos 4 a\u00f1os y lo hace al lado de sus padres y de su hermana mayor Paola Tatiana, quienes le hab\u00edan inculcado con el ejemplo el amor por la filatelia.<\/p>\n<p>Toda su infancia la pas\u00f3 con su familia, por lo cual particip\u00f3 no s\u00f3lo en el montaje de las colecciones propias de sus padres, en el montaje del material para las exposciones de los mismos, sino que junto a su hermana manejaba sus propias colecciones.<\/p>\n<p>Teniendo \u00fanicamente 10 a\u00f1os participa en Exfilbo 1990 donde obtiene Medalla de Bronce con su colecci\u00f3n Colombia postcentenario; lo mismo ocurre en Exfilbo 1993, donde obtiene nuevamente una Medalla de Bronce. De ah\u00ed en adelante fue un cont\u00ednuo acompa\u00f1amiento a sus padres en todo lo que ten\u00eda que ver con cursos, demostraciones, muestras, canjes, exposciones y todo lo que se da en el interesante mundo de la filatelia.<\/p>\n<p><a href=\"https:\/\/www.afitecol.com\/wp-content\/uploads\/2009\/05\/nestpjrexp.jpg\"><img loading=\"lazy\" decoding=\"async\" class=\"alignleft size-medium wp-image-1071\" style=\"border: 0pt none; margin: 5px;\" title=\"nestpjrexp\" src=\"https:\/\/www.afitecol.com\/wp-content\/uploads\/2009\/05\/nestpjrexp-205x300.jpg\" alt=\"\" width=\"120\" height=\"176\" srcset=\"https:\/\/www.afitecol.com\/wp-content\/uploads\/2009\/05\/nestpjrexp-205x300.jpg 205w, https:\/\/www.afitecol.com\/wp-content\/uploads\/2009\/05\/nestpjrexp.jpg 785w\" sizes=\"(max-width: 120px) 85vw, 120px\" \/><\/a>En una entrevista que le hace do\u00f1a Beatriz Pantoja de Gil (Filatelia: el Espectador marzo 6 de 1990) se le pregunta: \u00bfpor qu\u00e9 razon escogi\u00f3 el mismo tema de colecci\u00f3n de sus padres y de su hermanita, y qu\u00e9 le representa la filatelia?, a lo cual responde\u201d Tom\u00e9 el mismo tema de colecci\u00f3n de mis papitos, ya que me pareci\u00f3 muy importante adquirir conocimientos sobre nuestra Rep\u00fablica en sellos de correo\u201d.<\/p>\n<p>N\u00e9stor Jr. no s\u00f3<a href=\"https:\/\/www.afitecol.com\/wp-content\/uploads\/2009\/05\/helicopnestor.jpg\"><img loading=\"lazy\" decoding=\"async\" class=\"alignleft size-medium wp-image-1045\" style=\"border: 0pt none; margin: 5px;\" title=\"helicopnestor\" src=\"https:\/\/www.afitecol.com\/wp-content\/uploads\/2009\/05\/helicopnestor-300x225.jpg\" alt=\"\" width=\"128\" height=\"115\" \/><\/a>lo le dedic\u00f3 su tiempo libre a la filatelia; complement\u00f3 sus estudios profesionales y este lindo pasatiempo de la filatelia con el deporte donde se destac\u00f3 en ajedrez en su Colegio Agustiniano en donde fue subcampe\u00f3n en 1992 y campe\u00f3n en 1995, as\u00ed como subcampe\u00f3n de voley ball en 1997.<\/p>\n<p><a href=\"https:\/\/www.afitecol.com\/wp-content\/uploads\/2009\/05\/nestorjrcfc.jpg\"><img loading=\"lazy\" decoding=\"async\" class=\"alignleft size-medium wp-image-1066\" style=\"border: 0pt none; margin: 5px;\" title=\"nestorjrcfc\" src=\"https:\/\/www.afitecol.com\/wp-content\/uploads\/2009\/05\/nestorjrcfc-300x225.jpg\" alt=\"\" width=\"128\" height=\"115\" \/><\/a>Opt\u00f3metra de profesi\u00f3n y filatelista por afici\u00f3n, N\u00e9stor Jr. es recordado con mucho afecto por sus familiares y sus amigos, como una persona alegre, contento con la vida y su profesi\u00f3n, y con mucho inter\u00e9s por lo que fue desde los comienzos de su ni\u00f1ez la afici\u00f3n por la Filatelia.\u00a0 Era tanto su inter\u00e9s por este hermoso pasatiempo, que dos d\u00edas antes del suceso, hab\u00eda asistido a la Inauguraci\u00f3n de los 70 a\u00f1os del Club Filat\u00e9lico de Cali, Club del cual\u00a0 su pap\u00e1 es el Presidente.<\/p>\n<p><strong>Afitecol<\/strong> quiere rendir este peque\u00f1o homenaje a la memoria de N\u00e9stor Jr. no s\u00f3lo por haber sido un Amigo de Afitecol, sino porque desde muy ni\u00f1o contribuy\u00f3 con su ejemplo para que otros ni\u00f1os y j\u00f3venes se interesaran por la Filatelia.<\/p>\n<p><strong>Afitecol<\/strong> se une a las manifestaciones de dolor que les han hecho llegar a N\u00e9stor, Mar\u00eda Cristina y Paola Tatiana todos los amigos filatelistas.\u00a0 El trabajo que deben continuar en la filatelia, ser\u00e1 lo que les ayudar\u00e1 a mitigar la pena por la p\u00e9rdida de N\u00e9stor Jr.<\/p>\n","protected":false},"excerpt":{"rendered":"<p>El pasado 15 de marzo de 2009 dej\u00f3 de existir nuestro amigo filatelista N\u00e9stor Jr. \u00c1lvarez Gonz\u00e1lez, en un absurdo accidente de tr\u00e1nsito, en el Valle del Cauca, cerca del sitio donde prestaba sus servicios profesionales. N\u00e9stor Jr., hab\u00eda nacido el 5 de Abril de 1980 en la Ciudad de Bogot\u00e1, D.C., en la familia &hellip; <a href=\"https:\/\/www.afitecol.com\/?p=1040\" class=\"more-link\">Continuar leyendo<span class=\"screen-reader-text\"> \u00abJoven filatelista: N\u00e9stor Jr., \u00c1lvarez Gonz\u00e1lez (1980-2009)\u00bb<\/span><\/a><\/p>\n","protected":false},"author":2,"featured_media":0,"comment_status":"open","ping_status":"closed","sticky":false,"template":"","format":"standard","meta":{"footnotes":""},"categories":[12],"tags":[],"class_list":["post-1040","post","type-post","status-publish","format-standard","hentry","category-filatelistas"],"_links":{"self":[{"href":"https:\/\/www.afitecol.com\/index.php?rest_route=\/wp\/v2\/posts\/1040"}],"collection":[{"href":"https:\/\/www.afitecol.com\/index.php?rest_route=\/wp\/v2\/posts"}],"about":[{"href":"https:\/\/www.afitecol.com\/index.php?rest_route=\/wp\/v2\/types\/post"}],"author":[{"embeddable":true,"href":"https:\/\/www.afitecol.com\/index.php?rest_route=\/wp\/v2\/users\/2"}],"replies":[{"embeddable":true,"href":"https:\/\/www.afitecol.com\/index.php?rest_route=%2Fwp%2Fv2%2Fcomments&post=1040"}],"version-history":[{"count":22,"href":"https:\/\/www.afitecol.com\/index.php?rest_route=\/wp\/v2\/posts\/1040\/revisions"}],"predecessor-version":[{"id":1078,"href":"https:\/\/www.afitecol.com\/index.php?rest_route=\/wp\/v2\/posts\/1040\/revisions\/1078"}],"wp:attachment":[{"href":"https:\/\/www.afitecol.com\/index.php?rest_route=%2Fwp%2Fv2%2Fmedia&parent=1040"}],"wp:term":[{"taxonomy":"category","embeddable":true,"href":"https:\/\/www.afitecol.com\/index.php?rest_route=%2Fwp%2Fv2%2Fcategories&post=1040"},{"taxonomy":"post_tag","embeddable":true,"href":"https:\/\/www.afitecol.com\/index.php?rest_route=%2Fwp%2Fv2%2Ftags&post=1040"}],"curies":[{"name":"wp","href":"https:\/\/api.w.org\/{rel}","templated":true}]}}