{"id":10342,"date":"2016-09-11T10:16:15","date_gmt":"2016-09-11T10:16:15","guid":{"rendered":"http:\/\/www.afitecol.com\/?p=10342"},"modified":"2016-09-11T10:16:15","modified_gmt":"2016-09-11T10:16:15","slug":"emision-postal-%e2%80%9c350-aniversario-de-el-gran-incendio-de-londres%e2%80%9d","status":"publish","type":"post","link":"https:\/\/www.afitecol.com\/?p=10342","title":{"rendered":"Emisi\u00f3n postal \u201c350 Aniversario de El Gran Incendio de Londres\u201d"},"content":{"rendered":"<p>El pasado <strong>2 de septiembre de 2016<\/strong> se cumplieron 350 a\u00f1os del inicio de lo que se conoce como<strong> \u201cEl Gran Incendio de Londres\u201d<\/strong>.<\/p>\n<p>El incendio <strong>se inici\u00f3 el domingo 2 de septiembre de 1666<\/strong> y se prolong\u00f3 hasta el <strong>mi\u00e9rcoles 5 del mismo mes<\/strong>.<\/p>\n<p>El <strong>Gran Incendio de Londres<\/strong>, considerado como una de las mayores calamidades en la historia de esta ciudad, destruy\u00f3 el centro de la ciudad medieval dentro de la vieja muralla romana de Londres.<\/p>\n<p>El <strong>Gran incendio de Londres<\/strong> dej\u00f3 sin hogar a m\u00e1s de 80.000 personas, lo que se calcula como la sexta parte de la poblaci\u00f3n en es \u00e9poca; sin embargo, se menciona que las muertes fueron relativamente muy pocas.<\/p>\n<p>El <strong>Gran Incendio de Londres<\/strong> destruy\u00f3 m\u00e1s de 13.200 casas, 87 iglesias parroquiales, 44 antiguas Casas Gremiales y otros edificios importantes como la Casa de Aduanas, el Palacio Correccional del centro medieval y otras Prisiones, el Ayuntamiento de Londres y uno de los m\u00e1s importantes la <strong>Catedral de San Pablo<\/strong>, adem\u00e1s de varios puentes, principalmente sobre el rio T\u00e1mesis.<\/p>\n<p>Para recordar este gran desastre el Correo Brit\u00e1nico (<strong>Royal Mail<\/strong>) realiz\u00f3 la Emisi\u00f3n postal <strong>\u201c350 Aniversario de El Gran Incendio de Londres\u201d<\/strong>.  Se trata de una serie de seis de estampillas que muestran en las cinco primeras los diferentes sucesos ocurridos durante los primeros cinco d\u00edas del incendio y una sexta que est\u00e1 destinada a lo relacionado con la propuesta de la reconstrucci\u00f3n por parte de Christopher Wren al Rey.<\/p>\n<p><strong><a href=\"https:\/\/www.afitecol.com\/wp-content\/uploads\/2016\/09\/Fire0.png\" target=\"_blank\"><img loading=\"lazy\" decoding=\"async\" class=\"alignnone size-full wp-image-10343\" style=\"border: 0px; margin: 5px;\" title=\"Fire0\" src=\"https:\/\/www.afitecol.com\/wp-content\/uploads\/2016\/09\/Fire0.png\" alt=\"Fire0\" width=\"156\" height=\"82\" srcset=\"https:\/\/www.afitecol.com\/wp-content\/uploads\/2016\/09\/Fire0.png 722w, https:\/\/www.afitecol.com\/wp-content\/uploads\/2016\/09\/Fire0-300x157.png 300w\" sizes=\"(max-width: 156px) 85vw, 156px\" \/><\/a>La emisi\u00f3n<\/strong>.  Emisi\u00f3n postal <strong>\u201c350 Aniversario de El Gran Incendio de Londres\u201d<\/strong> consta de una serie de seis estampillas.<\/p>\n<p><strong>Las estampillas<\/strong>.  Las estampillas en formato 35 x 35 mm, en policrom\u00eda, m\u00e1s f\u00f3sforo para dar la impresi\u00f3n de llamas y goma PVA, tienen diferentes valores faciales y rememoran diferentes momentos del Gran Incendio.<\/p>\n<p><a href=\"https:\/\/www.afitecol.com\/wp-content\/uploads\/2016\/09\/Fire1.png\" target=\"_blank\"><img loading=\"lazy\" decoding=\"async\" class=\"alignnone size-full wp-image-10344\" style=\"border: 0px; margin: 5px;\" title=\"Fire1\" src=\"https:\/\/www.afitecol.com\/wp-content\/uploads\/2016\/09\/Fire1.png\" alt=\"Fire1\" width=\"40\" height=\"41\" srcset=\"https:\/\/www.afitecol.com\/wp-content\/uploads\/2016\/09\/Fire1.png 186w, https:\/\/www.afitecol.com\/wp-content\/uploads\/2016\/09\/Fire1-150x150.png 150w\" sizes=\"(max-width: 40px) 85vw, 40px\" \/><\/a>Domingo 2 de septiembre de 1666. Valor facial 1 penny.<\/p>\n<p><a href=\"https:\/\/www.afitecol.com\/wp-content\/uploads\/2016\/09\/Fire2.png\" target=\"_blank\"><img loading=\"lazy\" decoding=\"async\" class=\"alignnone size-full wp-image-10345\" title=\"Fire2\" src=\"https:\/\/www.afitecol.com\/wp-content\/uploads\/2016\/09\/Fire2.png\" alt=\"Fire2\" width=\"40\" height=\"41\" srcset=\"https:\/\/www.afitecol.com\/wp-content\/uploads\/2016\/09\/Fire2.png 182w, https:\/\/www.afitecol.com\/wp-content\/uploads\/2016\/09\/Fire2-150x150.png 150w\" sizes=\"(max-width: 40px) 85vw, 40px\" \/><\/a> Domingo 2 de septiembre de 1666.  Valor facial 1 penny.<\/p>\n<p><a href=\"https:\/\/www.afitecol.com\/wp-content\/uploads\/2016\/09\/Fire3.png\" target=\"_blank\"><img loading=\"lazy\" decoding=\"async\" class=\"alignnone size-full wp-image-10346\" style=\"border: 0px; margin: 5px;\" title=\"Fire3\" src=\"https:\/\/www.afitecol.com\/wp-content\/uploads\/2016\/09\/Fire3.png\" alt=\"Fire3\" width=\"40\" height=\"41\" srcset=\"https:\/\/www.afitecol.com\/wp-content\/uploads\/2016\/09\/Fire3.png 180w, https:\/\/www.afitecol.com\/wp-content\/uploads\/2016\/09\/Fire3-150x150.png 150w\" sizes=\"(max-width: 40px) 85vw, 40px\" \/><\/a>Lunes 3 de septiembre de 1666. Valor facial 1.05 libras<\/p>\n<p><a href=\"https:\/\/www.afitecol.com\/wp-content\/uploads\/2016\/09\/Fire4.png\"><img loading=\"lazy\" decoding=\"async\" class=\"alignnone size-full wp-image-10347\" style=\"border: 0px; margin: 5px;\" title=\"Fire4\" src=\"https:\/\/www.afitecol.com\/wp-content\/uploads\/2016\/09\/Fire4.png\" alt=\"Fire4\" width=\"40\" height=\"41\" srcset=\"https:\/\/www.afitecol.com\/wp-content\/uploads\/2016\/09\/Fire4.png 182w, https:\/\/www.afitecol.com\/wp-content\/uploads\/2016\/09\/Fire4-150x150.png 150w\" sizes=\"(max-width: 40px) 85vw, 40px\" \/><\/a>Martes 4 de septiembre de 1666. Valor facial 1.05 libras<\/p>\n<p><a href=\"https:\/\/www.afitecol.com\/wp-content\/uploads\/2016\/09\/Fire5.png\" target=\"_blank\"><img loading=\"lazy\" decoding=\"async\" class=\"alignnone size-full wp-image-10348\" style=\"border: 0px; margin: 5px;\" title=\"Fire5\" src=\"https:\/\/www.afitecol.com\/wp-content\/uploads\/2016\/09\/Fire5.png\" alt=\"Fire5\" width=\"40\" height=\"41\" srcset=\"https:\/\/www.afitecol.com\/wp-content\/uploads\/2016\/09\/Fire5.png 182w, https:\/\/www.afitecol.com\/wp-content\/uploads\/2016\/09\/Fire5-150x150.png 150w\" sizes=\"(max-width: 40px) 85vw, 40px\" \/><\/a>Mi\u00e9rcoles 5 de septiembre de 1666. Valor facial 1.52 libras<\/p>\n<p><a href=\"https:\/\/www.afitecol.com\/wp-content\/uploads\/2016\/09\/Fire6.png\" target=\"_blank\"><img loading=\"lazy\" decoding=\"async\" class=\"alignnone size-full wp-image-10349\" style=\"border: 0px; margin: 5px;\" title=\"Fire6\" src=\"https:\/\/www.afitecol.com\/wp-content\/uploads\/2016\/09\/Fire6.png\" alt=\"Fire6\" width=\"40\" height=\"41\" srcset=\"https:\/\/www.afitecol.com\/wp-content\/uploads\/2016\/09\/Fire6.png 181w, https:\/\/www.afitecol.com\/wp-content\/uploads\/2016\/09\/Fire6-150x150.png 150w\" sizes=\"(max-width: 40px) 85vw, 40px\" \/><\/a>Martes 11 de septiembre de 1666.  Valor facial 1.52 libras<\/p>\n<p>El lanzamiento de la emisi\u00f3n postal <strong>\u201c350 Aniversario de El Gran Incendio de Londres\u201d<\/strong> tuvo lugar el 2 de septiembre de 2016, en la ciudad de Londres, Inglaterra.<\/p>\n","protected":false},"excerpt":{"rendered":"<p>El pasado 2 de septiembre de 2016 se cumplieron 350 a\u00f1os del inicio de lo que se conoce como \u201cEl Gran Incendio de Londres\u201d. El incendio se inici\u00f3 el domingo 2 de septiembre de 1666 y se prolong\u00f3 hasta el mi\u00e9rcoles 5 del mismo mes. El Gran Incendio de Londres, considerado como una de las &hellip; <a href=\"https:\/\/www.afitecol.com\/?p=10342\" class=\"more-link\">Continuar leyendo<span class=\"screen-reader-text\"> \u00abEmisi\u00f3n postal \u201c350 Aniversario de El Gran Incendio de Londres\u201d\u00bb<\/span><\/a><\/p>\n","protected":false},"author":2,"featured_media":0,"comment_status":"open","ping_status":"closed","sticky":false,"template":"","format":"standard","meta":{"footnotes":""},"categories":[10],"tags":[],"class_list":["post-10342","post","type-post","status-publish","format-standard","hentry","category-extranjeras"],"_links":{"self":[{"href":"https:\/\/www.afitecol.com\/index.php?rest_route=\/wp\/v2\/posts\/10342"}],"collection":[{"href":"https:\/\/www.afitecol.com\/index.php?rest_route=\/wp\/v2\/posts"}],"about":[{"href":"https:\/\/www.afitecol.com\/index.php?rest_route=\/wp\/v2\/types\/post"}],"author":[{"embeddable":true,"href":"https:\/\/www.afitecol.com\/index.php?rest_route=\/wp\/v2\/users\/2"}],"replies":[{"embeddable":true,"href":"https:\/\/www.afitecol.com\/index.php?rest_route=%2Fwp%2Fv2%2Fcomments&post=10342"}],"version-history":[{"count":4,"href":"https:\/\/www.afitecol.com\/index.php?rest_route=\/wp\/v2\/posts\/10342\/revisions"}],"predecessor-version":[{"id":10353,"href":"https:\/\/www.afitecol.com\/index.php?rest_route=\/wp\/v2\/posts\/10342\/revisions\/10353"}],"wp:attachment":[{"href":"https:\/\/www.afitecol.com\/index.php?rest_route=%2Fwp%2Fv2%2Fmedia&parent=10342"}],"wp:term":[{"taxonomy":"category","embeddable":true,"href":"https:\/\/www.afitecol.com\/index.php?rest_route=%2Fwp%2Fv2%2Fcategories&post=10342"},{"taxonomy":"post_tag","embeddable":true,"href":"https:\/\/www.afitecol.com\/index.php?rest_route=%2Fwp%2Fv2%2Ftags&post=10342"}],"curies":[{"name":"wp","href":"https:\/\/api.w.org\/{rel}","templated":true}]}}