{"id":10322,"date":"2016-09-07T10:59:33","date_gmt":"2016-09-07T10:59:33","guid":{"rendered":"http:\/\/www.afitecol.com\/?p=10322"},"modified":"2016-09-07T10:59:33","modified_gmt":"2016-09-07T10:59:33","slug":"20-de-julio-el-acta-de-independencia-v","status":"publish","type":"post","link":"https:\/\/www.afitecol.com\/?p=10322","title":{"rendered":"20 de julio: El Acta de Independencia (V)"},"content":{"rendered":"<p>Una vez instalada la<strong> Junta Suprema<\/strong>, durante las horas finales de la tarde, la noche del 20 de julio y el amanecer del 21 de julio, se redact\u00f3 el <strong>Acta<\/strong> que se conoce con el nombre de <strong>Acta de Independencia .<\/strong><\/p>\n<p><a href=\"https:\/\/www.afitecol.com\/wp-content\/uploads\/2016\/09\/4Acta1.png\" target=\"_blank\"><img loading=\"lazy\" decoding=\"async\" class=\"alignnone size-full wp-image-10323\" style=\"border: 0px; margin: 5px;\" title=\"4Acta1\" src=\"https:\/\/www.afitecol.com\/wp-content\/uploads\/2016\/09\/4Acta1.png\" alt=\"4Acta1\" width=\"67\" height=\"49\" \/><\/a> <a href=\"https:\/\/www.afitecol.com\/wp-content\/uploads\/2016\/09\/4Acta2.png\" target=\"_blank\"><img loading=\"lazy\" decoding=\"async\" class=\"alignnone size-full wp-image-10324\" style=\"border: 0px; margin: 5px;\" title=\"4Acta2\" src=\"https:\/\/www.afitecol.com\/wp-content\/uploads\/2016\/09\/4Acta2.png\" alt=\"4Acta2\" width=\"67\" height=\"49\" \/><\/a> <a href=\"https:\/\/www.afitecol.com\/wp-content\/uploads\/2016\/09\/4Acta3.png\" target=\"_blank\"><img loading=\"lazy\" decoding=\"async\" class=\"alignnone size-full wp-image-10326\" style=\"border: 0px; margin: 5px;\" title=\"4Acta3\" src=\"https:\/\/www.afitecol.com\/wp-content\/uploads\/2016\/09\/4Acta3.png\" alt=\"4Acta3\" width=\"67\" height=\"49\" \/><\/a>Se depositaba en la<strong> Junta Suprema<\/strong> el Gobierno del Reino, interinamente; mientras la misma Junta formar\u00eda la Constituci\u00f3n, que lograr\u00eda afianzar la felicidad p\u00fablica, contando con las nobles Provincias a las que se les pedir\u00edan sus diputados. Este cuerpo formar\u00eda el <strong>Reglamento<\/strong> para elegirlas. Y tanto este <strong>Reglamento<\/strong> como la <strong>Constituci\u00f3n de Gobierno<\/strong> deber\u00edan formarse sobre las bases de la libertad e independencia, ligadas \u00fanicamente por un <strong>Sistema Federativo<\/strong>, cuya representaci\u00f3n deber\u00eda residir en la \u00a0Capital para que vele por la seguridad de la <strong>Nueva Granada.<\/strong><\/p>\n<p><a href=\"https:\/\/www.afitecol.com\/wp-content\/uploads\/2016\/09\/4Acta4.png\" target=\"_blank\"><img loading=\"lazy\" decoding=\"async\" class=\"alignnone size-full wp-image-10327\" style=\"border: 0px; margin: 5px;\" title=\"4Acta4\" src=\"https:\/\/www.afitecol.com\/wp-content\/uploads\/2016\/09\/4Acta4.png\" alt=\"4Acta4\" width=\"67\" height=\"49\" \/><\/a> <a href=\"https:\/\/www.afitecol.com\/wp-content\/uploads\/2016\/09\/4Acta5.png\" target=\"_blank\"><img loading=\"lazy\" decoding=\"async\" class=\"alignnone size-full wp-image-10328\" style=\"border: 0px; margin: 5px;\" title=\"4Acta5\" src=\"https:\/\/www.afitecol.com\/wp-content\/uploads\/2016\/09\/4Acta5.png\" alt=\"4Acta5\" width=\"67\" height=\"49\" \/><\/a> <a href=\"https:\/\/www.afitecol.com\/wp-content\/uploads\/2016\/09\/4Acta6.png\" target=\"_blank\"><img loading=\"lazy\" decoding=\"async\" class=\"alignnone size-full wp-image-10329\" style=\"border: 0px; margin: 5px;\" title=\"4Acta6\" src=\"https:\/\/www.afitecol.com\/wp-content\/uploads\/2016\/09\/4Acta6.png\" alt=\"4Acta6\" width=\"67\" height=\"49\" \/><\/a> <a href=\"https:\/\/www.afitecol.com\/wp-content\/uploads\/2016\/09\/4Acta7.png\" target=\"_blank\"><img loading=\"lazy\" decoding=\"async\" class=\"alignnone size-full wp-image-10331\" style=\"border: 0px; margin: 5px;\" title=\"4Acta7\" src=\"https:\/\/www.afitecol.com\/wp-content\/uploads\/2016\/09\/4Acta7.png\" alt=\"4Acta7\" width=\"67\" height=\"49\" \/><\/a>Se le empieza a quitar la autoridad al <strong>Virrey<\/strong> y se le da a la Junta Suprema, que est\u00e1 compuesta por <strong>Criollos<\/strong>, la autoridad, mientras se establece una <strong>Constituci\u00f3n<\/strong>. Se habla por primera vez de una <strong>Constituci\u00f3n<\/strong>.<\/p>\n<p>Se alcanza la felicidad p\u00fablica.\u00a0Se involucra a todo el pueblo, con Diputados que los representan.\u00a0Se considera por primera vez las Elecciones. Se dan las bases de la libertad y de federalismo.<\/p>\n<p><a href=\"https:\/\/www.afitecol.com\/wp-content\/uploads\/2016\/09\/4Acta8.png\" target=\"_blank\"><img loading=\"lazy\" decoding=\"async\" class=\"alignnone size-full wp-image-10333\" style=\"border: 0px; margin: 5px;\" title=\"4Acta8\" src=\"https:\/\/www.afitecol.com\/wp-content\/uploads\/2016\/09\/4Acta8.png\" alt=\"4Acta8\" width=\"67\" height=\"49\" \/><\/a> <a href=\"https:\/\/www.afitecol.com\/wp-content\/uploads\/2016\/09\/4Acta9.png\" target=\"_blank\"><img loading=\"lazy\" decoding=\"async\" class=\"alignnone size-full wp-image-10334\" style=\"border: 0px; margin: 5px;\" title=\"4Acta9\" src=\"https:\/\/www.afitecol.com\/wp-content\/uploads\/2016\/09\/4Acta9.png\" alt=\"4Acta9\" width=\"67\" height=\"49\" \/><\/a>No obstante que el <strong>Acta de Independencia<\/strong> no signific\u00f3 lo que el nombre pareciera indicar, constituy\u00f3 eso si el primer paso para establecer la autonom\u00eda.<\/p>\n<p>As\u00ed mismo el <strong>Acta de Independencia<\/strong> sirvi\u00f3 para integrar un territorio independiente.<\/p>\n","protected":false},"excerpt":{"rendered":"<p>Una vez instalada la Junta Suprema, durante las horas finales de la tarde, la noche del 20 de julio y el amanecer del 21 de julio, se redact\u00f3 el Acta que se conoce con el nombre de Acta de Independencia . Se depositaba en la Junta Suprema el Gobierno del Reino, interinamente; mientras la misma &hellip; <a href=\"https:\/\/www.afitecol.com\/?p=10322\" class=\"more-link\">Continuar leyendo<span class=\"screen-reader-text\"> \u00ab20 de julio: El Acta de Independencia (V)\u00bb<\/span><\/a><\/p>\n","protected":false},"author":2,"featured_media":0,"comment_status":"open","ping_status":"closed","sticky":false,"template":"","format":"standard","meta":{"footnotes":""},"categories":[16],"tags":[],"class_list":["post-10322","post","type-post","status-publish","format-standard","hentry","category-tematica-colombia"],"_links":{"self":[{"href":"https:\/\/www.afitecol.com\/index.php?rest_route=\/wp\/v2\/posts\/10322"}],"collection":[{"href":"https:\/\/www.afitecol.com\/index.php?rest_route=\/wp\/v2\/posts"}],"about":[{"href":"https:\/\/www.afitecol.com\/index.php?rest_route=\/wp\/v2\/types\/post"}],"author":[{"embeddable":true,"href":"https:\/\/www.afitecol.com\/index.php?rest_route=\/wp\/v2\/users\/2"}],"replies":[{"embeddable":true,"href":"https:\/\/www.afitecol.com\/index.php?rest_route=%2Fwp%2Fv2%2Fcomments&post=10322"}],"version-history":[{"count":10,"href":"https:\/\/www.afitecol.com\/index.php?rest_route=\/wp\/v2\/posts\/10322\/revisions"}],"predecessor-version":[{"id":10341,"href":"https:\/\/www.afitecol.com\/index.php?rest_route=\/wp\/v2\/posts\/10322\/revisions\/10341"}],"wp:attachment":[{"href":"https:\/\/www.afitecol.com\/index.php?rest_route=%2Fwp%2Fv2%2Fmedia&parent=10322"}],"wp:term":[{"taxonomy":"category","embeddable":true,"href":"https:\/\/www.afitecol.com\/index.php?rest_route=%2Fwp%2Fv2%2Fcategories&post=10322"},{"taxonomy":"post_tag","embeddable":true,"href":"https:\/\/www.afitecol.com\/index.php?rest_route=%2Fwp%2Fv2%2Ftags&post=10322"}],"curies":[{"name":"wp","href":"https:\/\/api.w.org\/{rel}","templated":true}]}}